{"id":1004,"date":"2025-05-20T23:59:25","date_gmt":"2025-05-20T23:59:25","guid":{"rendered":"https:\/\/cpmimagazin.com\/?p=1004"},"modified":"2025-05-20T23:59:26","modified_gmt":"2025-05-20T23:59:26","slug":"cundinamarca-celebra-el-zumbido-que-alimenta-al-mundo-en-el-dia-mundial-de-las-abejas","status":"publish","type":"post","link":"https:\/\/cpmimagazin.com\/?p=1004","title":{"rendered":"Cundinamarca celebra el zumbido que alimenta al mundo en el D\u00eda Mundial de las Abejas"},"content":{"rendered":"\n<figure class=\"wp-block-embed is-type-rich is-provider-gestor-del-servicio wp-block-embed-gestor-del-servicio wp-embed-aspect-16-9 wp-has-aspect-ratio\"><div class=\"wp-block-embed__wrapper\">\n<iframe title=\"D\u00eda Mundial de las Abejas\" width=\"735\" height=\"413\" src=\"https:\/\/www.youtube.com\/embed\/tZC0Au9vEw0?feature=oembed\" frameborder=\"0\" allow=\"accelerometer; autoplay; clipboard-write; encrypted-media; gyroscope; picture-in-picture; web-share\" referrerpolicy=\"strict-origin-when-cross-origin\" allowfullscreen><\/iframe>\n<\/div><\/figure>\n\n\n\n<ul class=\"wp-block-list\">\n<li><em>Los mejores apicultores del departamento concursaron en La Calera para elegir la reina de las mieles y 17 municipios mostraron el poder econ\u00f3mico y ambiental de este insecto.<\/em><\/li>\n<\/ul>\n\n\n\n<p><strong>(Cundinamarca, 20 de mayo de 2025).&nbsp;&nbsp;<\/strong>Con la participaci\u00f3n de 21 apicultores de 17 municipios, la Gobernaci\u00f3n de Cundinamarca conmemor\u00f3 el D\u00eda Mundial de las Abejas en una feria regional realizada en La Calera, que incluy\u00f3 el II Concurso de Mieles y actividades de promoci\u00f3n del consumo responsable de productos ap\u00edcolas.<\/p>\n\n\n\n<p>El evento, liderado por la Secretar\u00eda de Bienestar Verde en alianza con la Asociaci\u00f3n Nacional de Polinizadores (ANAPOLI), destac\u00f3 el papel fundamental de la apicultura en la conservaci\u00f3n ambiental, la soberan\u00eda alimentaria y la dinamizaci\u00f3n econ\u00f3mica local.&nbsp;<\/p>\n\n\n\n<p>Muestras culturales, venta de productos derivados de la miel y espacios pedag\u00f3gicos ambientaron la jornada, que tambi\u00e9n sirvi\u00f3 para reconocer la calidad de la miel cundinamarquesa.<\/p>\n\n\n\n<p>En el concurso t\u00e9cnico y sensorial, evaluado por expertos de universidades como la Nacional, Cartagena y Uniagustiniana, los primeros lugares fueron otorgados a:<\/p>\n\n\n\n<ul class=\"wp-block-list\">\n<li>Luis Fernando Rubiano (Guachet\u00e1) \u2013 Primer puesto<\/li>\n\n\n\n<li>Jaime Gabriel Liberato (Facatativ\u00e1) \u2013 Segundo puesto<\/li>\n\n\n\n<li>Gabriela Morales (Ch\u00eda) \u2013 Tercer puesto<\/li>\n<\/ul>\n\n\n\n<p>\u201cLa apicultura es una oportunidad para construir una Cundinamarca resiliente, sostenible y adaptada al cambio clim\u00e1tico. Hoy reconocemos su potencial como negocio verde y como estrategia de educaci\u00f3n ambiental y conservaci\u00f3n\u201d, afirm\u00f3 Diego Leandro C\u00e1rdenas Chala, secretario de Bienestar Verde.<\/p>\n\n\n\n<p>La feria cont\u00f3 con el respaldo de entidades como la CAR, el ICA, el Parque Jaime Duque, la ANDI, IPYBAC, entre otras. La Gobernaci\u00f3n reafirm\u00f3 su compromiso con el fortalecimiento de la apicultura a trav\u00e9s de programas de comercializaci\u00f3n, formaci\u00f3n t\u00e9cnica y promoci\u00f3n de modelos productivos circulares.<\/p>\n","protected":false},"excerpt":{"rendered":"<p>(Cundinamarca, 20 de mayo de 2025).&nbsp;&nbsp;Con la participaci\u00f3n de 21 apicultores de 17 municipios, la Gobernaci\u00f3n de Cundinamarca conmemor\u00f3 el D\u00eda Mundial de las Abejas en una feria regional realizada &hellip; <\/p>\n","protected":false},"author":1,"featured_media":1006,"comment_status":"closed","ping_status":"closed","sticky":false,"template":"","format":"standard","meta":{"footnotes":""},"categories":[1],"tags":[],"class_list":["post-1004","post","type-post","status-publish","format-standard","has-post-thumbnail","hentry","category-noticias"],"yoast_head":"<!-- This site is optimized with the Yoast SEO plugin v24.8.1 - https:\/\/yoast.com\/wordpress\/plugins\/seo\/ -->\n<title>Cundinamarca celebra el zumbido que alimenta al mundo en el D\u00eda Mundial de las Abejas - Buenas noticias de Colombia<\/title>\n<meta name=\"robots\" content=\"index, follow, max-snippet:-1, max-image-preview:large, max-video-preview:-1\" \/>\n<link rel=\"canonical\" href=\"https:\/\/cpmimagazin.com\/?p=1004\" \/>\n<meta property=\"og:locale\" content=\"es_ES\" \/>\n<meta property=\"og:type\" content=\"article\" \/>\n<meta property=\"og:title\" content=\"Cundinamarca celebra el zumbido que alimenta al mundo en el D\u00eda Mundial de las Abejas - Buenas noticias de Colombia\" \/>\n<meta property=\"og:description\" content=\"(Cundinamarca, 20 de mayo de 2025).&nbsp;&nbsp;Con la participaci\u00f3n de 21 apicultores de 17 municipios, la Gobernaci\u00f3n de Cundinamarca conmemor\u00f3 el D\u00eda Mundial de las Abejas en una feria regional realizada &hellip;\" \/>\n<meta property=\"og:url\" content=\"https:\/\/cpmimagazin.com\/?p=1004\" \/>\n<meta property=\"og:site_name\" content=\"Buenas noticias de Colombia\" \/>\n<meta property=\"article:published_time\" content=\"2025-05-20T23:59:25+00:00\" \/>\n<meta property=\"article:modified_time\" content=\"2025-05-20T23:59:26+00:00\" \/>\n<meta property=\"og:image\" content=\"https:\/\/cpmimagazin.com\/wp-content\/uploads\/2025\/05\/c1-3.jpg\" \/>\n\t<meta property=\"og:image:width\" content=\"1280\" \/>\n\t<meta property=\"og:image:height\" content=\"720\" \/>\n\t<meta property=\"og:image:type\" content=\"image\/jpeg\" \/>\n<meta name=\"author\" content=\"Ines\" \/>\n<meta name=\"twitter:card\" content=\"summary_large_image\" \/>\n<meta name=\"twitter:label1\" content=\"Escrito por\" \/>\n\t<meta name=\"twitter:data1\" content=\"Ines\" \/>\n\t<meta name=\"twitter:label2\" content=\"Tiempo de lectura\" \/>\n\t<meta name=\"twitter:data2\" content=\"2 minutos\" \/>\n<script type=\"application\/ld+json\" class=\"yoast-schema-graph\">{\"@context\":\"https:\/\/schema.org\",\"@graph\":[{\"@type\":\"WebPage\",\"@id\":\"https:\/\/cpmimagazin.com\/?p=1004\",\"url\":\"https:\/\/cpmimagazin.com\/?p=1004\",\"name\":\"Cundinamarca celebra el zumbido que alimenta al mundo en el D\u00eda Mundial de las Abejas - Buenas noticias de Colombia\",\"isPartOf\":{\"@id\":\"https:\/\/cpmimagazin.com\/#website\"},\"primaryImageOfPage\":{\"@id\":\"https:\/\/cpmimagazin.com\/?p=1004#primaryimage\"},\"image\":{\"@id\":\"https:\/\/cpmimagazin.com\/?p=1004#primaryimage\"},\"thumbnailUrl\":\"https:\/\/cpmimagazin.com\/wp-content\/uploads\/2025\/05\/c1-3.jpg\",\"datePublished\":\"2025-05-20T23:59:25+00:00\",\"dateModified\":\"2025-05-20T23:59:26+00:00\",\"author\":{\"@id\":\"https:\/\/cpmimagazin.com\/#\/schema\/person\/8b73e956994dc3114b861ce2e9ea62c8\"},\"breadcrumb\":{\"@id\":\"https:\/\/cpmimagazin.com\/?p=1004#breadcrumb\"},\"inLanguage\":\"es-CO\",\"potentialAction\":[{\"@type\":\"ReadAction\",\"target\":[\"https:\/\/cpmimagazin.com\/?p=1004\"]}]},{\"@type\":\"ImageObject\",\"inLanguage\":\"es-CO\",\"@id\":\"https:\/\/cpmimagazin.com\/?p=1004#primaryimage\",\"url\":\"https:\/\/cpmimagazin.com\/wp-content\/uploads\/2025\/05\/c1-3.jpg\",\"contentUrl\":\"https:\/\/cpmimagazin.com\/wp-content\/uploads\/2025\/05\/c1-3.jpg\",\"width\":1280,\"height\":720},{\"@type\":\"BreadcrumbList\",\"@id\":\"https:\/\/cpmimagazin.com\/?p=1004#breadcrumb\",\"itemListElement\":[{\"@type\":\"ListItem\",\"position\":1,\"name\":\"Inicio\",\"item\":\"https:\/\/cpmimagazin.com\/\"},{\"@type\":\"ListItem\",\"position\":2,\"name\":\"Cundinamarca celebra el zumbido que alimenta al mundo en el D\u00eda Mundial de las Abejas\"}]},{\"@type\":\"WebSite\",\"@id\":\"https:\/\/cpmimagazin.com\/#website\",\"url\":\"https:\/\/cpmimagazin.com\/\",\"name\":\"Buenas noticias de Colombia\",\"description\":\"Impulsamos historias que unen: juventud que inspira, adultos mayores que dejan huella. Descubre noticias, aprendizajes y el orgullo de nuestra gente, todo en \u201cMi Magazin\u201d. \u00a1S\u00e9 parte de una comunidad intergeneracional!\",\"potentialAction\":[{\"@type\":\"SearchAction\",\"target\":{\"@type\":\"EntryPoint\",\"urlTemplate\":\"https:\/\/cpmimagazin.com\/?s={search_term_string}\"},\"query-input\":{\"@type\":\"PropertyValueSpecification\",\"valueRequired\":true,\"valueName\":\"search_term_string\"}}],\"inLanguage\":\"es-CO\"},{\"@type\":\"Person\",\"@id\":\"https:\/\/cpmimagazin.com\/#\/schema\/person\/8b73e956994dc3114b861ce2e9ea62c8\",\"name\":\"Ines\",\"image\":{\"@type\":\"ImageObject\",\"inLanguage\":\"es-CO\",\"@id\":\"https:\/\/cpmimagazin.com\/#\/schema\/person\/image\/\",\"url\":\"https:\/\/secure.gravatar.com\/avatar\/d503d379e79ddcf53d45e12b964a724224aad794352599f500541027801754fc?s=96&d=mm&r=g\",\"contentUrl\":\"https:\/\/secure.gravatar.com\/avatar\/d503d379e79ddcf53d45e12b964a724224aad794352599f500541027801754fc?s=96&d=mm&r=g\",\"caption\":\"Ines\"},\"sameAs\":[\"https:\/\/cpmimagazin.com\"],\"url\":\"https:\/\/cpmimagazin.com\/?author=1\"}]}<\/script>\n<!-- \/ Yoast SEO plugin. -->","yoast_head_json":{"title":"Cundinamarca celebra el zumbido que alimenta al mundo en el D\u00eda Mundial de las Abejas - Buenas noticias de Colombia","robots":{"index":"index","follow":"follow","max-snippet":"max-snippet:-1","max-image-preview":"max-image-preview:large","max-video-preview":"max-video-preview:-1"},"canonical":"https:\/\/cpmimagazin.com\/?p=1004","og_locale":"es_ES","og_type":"article","og_title":"Cundinamarca celebra el zumbido que alimenta al mundo en el D\u00eda Mundial de las Abejas - Buenas noticias de Colombia","og_description":"(Cundinamarca, 20 de mayo de 2025).&nbsp;&nbsp;Con la participaci\u00f3n de 21 apicultores de 17 municipios, la Gobernaci\u00f3n de Cundinamarca conmemor\u00f3 el D\u00eda Mundial de las Abejas en una feria regional realizada &hellip;","og_url":"https:\/\/cpmimagazin.com\/?p=1004","og_site_name":"Buenas noticias de Colombia","article_published_time":"2025-05-20T23:59:25+00:00","article_modified_time":"2025-05-20T23:59:26+00:00","og_image":[{"width":1280,"height":720,"url":"https:\/\/cpmimagazin.com\/wp-content\/uploads\/2025\/05\/c1-3.jpg","type":"image\/jpeg"}],"author":"Ines","twitter_card":"summary_large_image","twitter_misc":{"Escrito por":"Ines","Tiempo de lectura":"2 minutos"},"schema":{"@context":"https:\/\/schema.org","@graph":[{"@type":"WebPage","@id":"https:\/\/cpmimagazin.com\/?p=1004","url":"https:\/\/cpmimagazin.com\/?p=1004","name":"Cundinamarca celebra el zumbido que alimenta al mundo en el D\u00eda Mundial de las Abejas - Buenas noticias de Colombia","isPartOf":{"@id":"https:\/\/cpmimagazin.com\/#website"},"primaryImageOfPage":{"@id":"https:\/\/cpmimagazin.com\/?p=1004#primaryimage"},"image":{"@id":"https:\/\/cpmimagazin.com\/?p=1004#primaryimage"},"thumbnailUrl":"https:\/\/cpmimagazin.com\/wp-content\/uploads\/2025\/05\/c1-3.jpg","datePublished":"2025-05-20T23:59:25+00:00","dateModified":"2025-05-20T23:59:26+00:00","author":{"@id":"https:\/\/cpmimagazin.com\/#\/schema\/person\/8b73e956994dc3114b861ce2e9ea62c8"},"breadcrumb":{"@id":"https:\/\/cpmimagazin.com\/?p=1004#breadcrumb"},"inLanguage":"es-CO","potentialAction":[{"@type":"ReadAction","target":["https:\/\/cpmimagazin.com\/?p=1004"]}]},{"@type":"ImageObject","inLanguage":"es-CO","@id":"https:\/\/cpmimagazin.com\/?p=1004#primaryimage","url":"https:\/\/cpmimagazin.com\/wp-content\/uploads\/2025\/05\/c1-3.jpg","contentUrl":"https:\/\/cpmimagazin.com\/wp-content\/uploads\/2025\/05\/c1-3.jpg","width":1280,"height":720},{"@type":"BreadcrumbList","@id":"https:\/\/cpmimagazin.com\/?p=1004#breadcrumb","itemListElement":[{"@type":"ListItem","position":1,"name":"Inicio","item":"https:\/\/cpmimagazin.com\/"},{"@type":"ListItem","position":2,"name":"Cundinamarca celebra el zumbido que alimenta al mundo en el D\u00eda Mundial de las Abejas"}]},{"@type":"WebSite","@id":"https:\/\/cpmimagazin.com\/#website","url":"https:\/\/cpmimagazin.com\/","name":"Buenas noticias de Colombia","description":"Impulsamos historias que unen: juventud que inspira, adultos mayores que dejan huella. Descubre noticias, aprendizajes y el orgullo de nuestra gente, todo en \u201cMi Magazin\u201d. \u00a1S\u00e9 parte de una comunidad intergeneracional!","potentialAction":[{"@type":"SearchAction","target":{"@type":"EntryPoint","urlTemplate":"https:\/\/cpmimagazin.com\/?s={search_term_string}"},"query-input":{"@type":"PropertyValueSpecification","valueRequired":true,"valueName":"search_term_string"}}],"inLanguage":"es-CO"},{"@type":"Person","@id":"https:\/\/cpmimagazin.com\/#\/schema\/person\/8b73e956994dc3114b861ce2e9ea62c8","name":"Ines","image":{"@type":"ImageObject","inLanguage":"es-CO","@id":"https:\/\/cpmimagazin.com\/#\/schema\/person\/image\/","url":"https:\/\/secure.gravatar.com\/avatar\/d503d379e79ddcf53d45e12b964a724224aad794352599f500541027801754fc?s=96&d=mm&r=g","contentUrl":"https:\/\/secure.gravatar.com\/avatar\/d503d379e79ddcf53d45e12b964a724224aad794352599f500541027801754fc?s=96&d=mm&r=g","caption":"Ines"},"sameAs":["https:\/\/cpmimagazin.com"],"url":"https:\/\/cpmimagazin.com\/?author=1"}]}},"featured_image_urls":{"full":["https:\/\/cpmimagazin.com\/wp-content\/uploads\/2025\/05\/c1-3.jpg",1280,720,false],"thumbnail":["https:\/\/cpmimagazin.com\/wp-content\/uploads\/2025\/05\/c1-3-150x150.jpg",150,150,true],"medium":["https:\/\/cpmimagazin.com\/wp-content\/uploads\/2025\/05\/c1-3-300x169.jpg",300,169,true],"medium_large":["https:\/\/cpmimagazin.com\/wp-content\/uploads\/2025\/05\/c1-3-768x432.jpg",735,413,true],"large":["https:\/\/cpmimagazin.com\/wp-content\/uploads\/2025\/05\/c1-3-1024x576.jpg",735,413,true],"1536x1536":["https:\/\/cpmimagazin.com\/wp-content\/uploads\/2025\/05\/c1-3.jpg",1280,720,false],"2048x2048":["https:\/\/cpmimagazin.com\/wp-content\/uploads\/2025\/05\/c1-3.jpg",1280,720,false],"hitmag-landscape":["https:\/\/cpmimagazin.com\/wp-content\/uploads\/2025\/05\/c1-3-1120x450.jpg",1120,450,true],"hitmag-featured":["https:\/\/cpmimagazin.com\/wp-content\/uploads\/2025\/05\/c1-3-735x400.jpg",735,400,true],"hitmag-grid":["https:\/\/cpmimagazin.com\/wp-content\/uploads\/2025\/05\/c1-3-348x215.jpg",348,215,true],"hitmag-list":["https:\/\/cpmimagazin.com\/wp-content\/uploads\/2025\/05\/c1-3-290x220.jpg",290,220,true],"hitmag-thumbnail":["https:\/\/cpmimagazin.com\/wp-content\/uploads\/2025\/05\/c1-3-135x93.jpg",135,93,true]},"author_info":{"display_name":"Ines","author_link":"https:\/\/cpmimagazin.com\/?author=1"},"category_info":"<a href=\"https:\/\/cpmimagazin.com\/?cat=1\" rel=\"category\">NOTICIAS<\/a>","tag_info":"NOTICIAS","comment_count":"0","_links":{"self":[{"href":"https:\/\/cpmimagazin.com\/index.php?rest_route=\/wp\/v2\/posts\/1004","targetHints":{"allow":["GET"]}}],"collection":[{"href":"https:\/\/cpmimagazin.com\/index.php?rest_route=\/wp\/v2\/posts"}],"about":[{"href":"https:\/\/cpmimagazin.com\/index.php?rest_route=\/wp\/v2\/types\/post"}],"author":[{"embeddable":true,"href":"https:\/\/cpmimagazin.com\/index.php?rest_route=\/wp\/v2\/users\/1"}],"replies":[{"embeddable":true,"href":"https:\/\/cpmimagazin.com\/index.php?rest_route=%2Fwp%2Fv2%2Fcomments&post=1004"}],"version-history":[{"count":1,"href":"https:\/\/cpmimagazin.com\/index.php?rest_route=\/wp\/v2\/posts\/1004\/revisions"}],"predecessor-version":[{"id":1007,"href":"https:\/\/cpmimagazin.com\/index.php?rest_route=\/wp\/v2\/posts\/1004\/revisions\/1007"}],"wp:featuredmedia":[{"embeddable":true,"href":"https:\/\/cpmimagazin.com\/index.php?rest_route=\/wp\/v2\/media\/1006"}],"wp:attachment":[{"href":"https:\/\/cpmimagazin.com\/index.php?rest_route=%2Fwp%2Fv2%2Fmedia&parent=1004"}],"wp:term":[{"taxonomy":"category","embeddable":true,"href":"https:\/\/cpmimagazin.com\/index.php?rest_route=%2Fwp%2Fv2%2Fcategories&post=1004"},{"taxonomy":"post_tag","embeddable":true,"href":"https:\/\/cpmimagazin.com\/index.php?rest_route=%2Fwp%2Fv2%2Ftags&post=1004"}],"curies":[{"name":"wp","href":"https:\/\/api.w.org\/{rel}","templated":true}]}}