{"id":1032,"date":"2025-05-28T21:07:01","date_gmt":"2025-05-28T21:07:01","guid":{"rendered":"https:\/\/cpmimagazin.com\/?p=1032"},"modified":"2025-05-28T21:07:01","modified_gmt":"2025-05-28T21:07:01","slug":"reforma-laboral-pasa-a-ultimo-debate-en-la-plenaria-de-senado","status":"publish","type":"post","link":"https:\/\/cpmimagazin.com\/?p=1032","title":{"rendered":"Reforma laboral pasa a \u00faltimo debate en la plenaria de Senado"},"content":{"rendered":"\n<p>En la iniciativa se vot\u00f3 13 votos a favor y dos en contra para que el pago de dominicales y festivos sea del 100 % y&nbsp;que la jornada nocturna&nbsp;se inicie desde las&nbsp;7:00&nbsp;PM.<\/p>\n\n\n\n<p>Por: Luisa Mar\u00eda Llano&nbsp;<\/p>\n\n\n\n<p>Bogot\u00e1,&nbsp;27&nbsp;de&nbsp;mayo&nbsp;de 2025&nbsp;(Prensa Senado).&nbsp;\u2013Luego de 9 horas intensas de debate, la Comisi\u00f3n Cuarta de Senado escuch\u00f3 las tres ponencias radicadas frente al futuro de la reforma laboral. En un amplio consenso, la c\u00e9lula legislativa se acogi\u00f3 a la ponencia mayoritaria liderada por los senadores Juan Felipe Lemus, por el partido De La U y Ang\u00e9lica Lozano, por el Partido Verde,&nbsp;con 13 votos a favor y 2 en contra.<\/p>\n\n\n\n<p>En el texto aprobado quedaron los dos puntos que estaba promoviendo el Gobierno: el recargo dominical y festivo al 100% y&nbsp;el inicio de la jornada nocturna desde las 7:00 PM, incluyendo a las peque\u00f1as y medianas empresas&nbsp;(Mypimes).<\/p>\n\n\n\n<p>La sesi\u00f3n inici\u00f3 con las palabras del ministro de Trabajo, Antonio Sanguino, quien consider\u00f3 que la plenaria del Senado, de forma tard\u00eda, decidi\u00f3 revivir la reforma laboral.&nbsp;<\/p>\n\n\n\n<p>\u201cBuena parte de esta reforma recoge los derechos laborales arrebatados en la Ley 789 de 2002 y otros derechos nuevos que han surgido por los cambios del mundo. Como Gobierno Nacional estamos convencidos de que con una reforma laboral que mejore los ingresos de los trabajadores habr\u00e1 un impacto positivo en el crecimiento econ\u00f3mico del pa\u00eds\u201d, argument\u00f3 el jefe de la cartera laboral.&nbsp;<\/p>\n\n\n\n<p>Derrotada ponencia alternativa<\/p>\n\n\n\n<p>La primera propuesta en ser discutida fue la ponencia alternativa radicada por la&nbsp;senadora Aida Avella, partido Pacto Hist\u00f3rico. Con 12 votos por el NO y tan solo 1 por el s\u00ed, la Comisi\u00f3n Cuarta del Senado de la Rep\u00fablica neg\u00f3 la ponencia de la bancada de Gobierno que&nbsp;recog\u00eda las 12 preguntas en materia laboral de la consulta popular y el articulado que fue aprobado en C\u00e1mara de Representantes, antes de que&nbsp;la Comisi\u00f3n S\u00e9ptima de Senado la archivara.<\/p>\n\n\n\n<p>\u201cEstamos en un proceso de recuperaci\u00f3n de lo que nos quitaron. En nuestra ponencia alternativa consagramos el esp\u00edritu de una verdadera reforma laboral. Recogimos en&nbsp;el articulado los aspectos centrales de las reformas presentadas,&nbsp;que&nbsp;recoge el clamor popular por terminar con la precarizaci\u00f3n laboral. Tambi\u00e9n respetamos alrededor del&nbsp;80%&nbsp;de&nbsp;los acuerdos alcanzados por los sectores en&nbsp;C\u00e1mara de&nbsp;Representantes pues responde al ejercicio democr\u00e1tico que defiende la reforma\u201d, dijo la senadora Aida Avella.<\/p>\n\n\n\n<p>V\u00eda libre a ponencia mayoritaria<\/p>\n\n\n\n<p>Acto seguido, la&nbsp;Comisi\u00f3n Cuarta inici\u00f3 la discusi\u00f3n y votaci\u00f3n de la ponencia de los senadores&nbsp;Samy&nbsp;Merheg,&nbsp;Partido Conservador;&nbsp;Carlos Abraham Jim\u00e9nez, partido&nbsp;Cambio Radical;&nbsp;Richard&nbsp;Fuelantala, Autoridades Ind\u00edgenas de Colombia;&nbsp;Ang\u00e9lica Lozano,&nbsp;Alianza Verde&nbsp;y Juan Felipe Lemos,&nbsp;Partido&nbsp;de La U.&nbsp;<\/p>\n\n\n\n<p>El coordinador ponente Juan Felipe Lemus explic\u00f3 en su informe de ponencia la importancia de la estabilidad laboral como regla general. \u201cEn la C\u00e1mara de Representantes se estipul\u00f3 que los contratos&nbsp;del sector privado deb\u00edan darse a t\u00e9rmino indefinido.En la regulaci\u00f3n actual, el contrato a t\u00e9rmino fijo est\u00e1 permitido hasta 3 a\u00f1os.&nbsp;Nuestra propuesta establece&nbsp;que sea hasta los 5 a\u00f1os, manteniendo la posibilidad de que sea renovado\u201d, a\u00f1adi\u00f3 tras destacar que \u201cQuienes lleven 5 a\u00f1os laborando cuando empiece a regir la ley, la empresa tendr\u00e1 que otorgarle un contrato a t\u00e9rmino indefinido\u201d.<\/p>\n\n\n\n<p>Tercera ponencia<\/p>\n\n\n\n<p>Finalmente, la Comisi\u00f3n Cuarta del Senado de la Rep\u00fablica escuch\u00f3 los argumentos del&nbsp;senador&nbsp;JhonJairo Rold\u00e1n, por el Partido Liberal, congresista que ten\u00eda en sus manos la tercera ponencia. Este texto fue negado.&nbsp;<\/p>\n\n\n\n<p>Explic\u00f3 quela raz\u00f3n principal para que&nbsp;su partido&nbsp;no firmara la ponencia&nbsp;mayoritaria obedeci\u00f3 a unadiscrepancia sobre la excepci\u00f3n que se hizo para las micro, peque\u00f1as y medianas empresas&nbsp;(Mipymes) en cuanto a la jornada nocturna, que se estableciera&nbsp;desde las 7:00 p.m.&nbsp;<\/p>\n\n\n\n<p>Adem\u00e1s,&nbsp;se buscaba&nbsp;que el recargo por trabajo en d\u00edas festivos y dominicales&nbsp;fuera del&nbsp;100%, mientras que en la&nbsp;ponencia&nbsp;mayoritaria&nbsp;ped\u00edan que fuese un&nbsp;75%&nbsp;para los festivos.&nbsp;<\/p>\n\n\n\n<p>El proyecto gubernamental, que pretende ajustes en el sistema laboral colombiano, entra a su recta final para discusi\u00f3n y votaci\u00f3n en la plenaria de la corporaci\u00f3n, iniciativa que debe ser aprobada antes del 20 de junio del presente a\u00f1o, fecha en la que terminan las sesiones ordinarias del periodo legislativo.<\/p>\n\n\n\n<hr class=\"wp-block-separator has-alpha-channel-opacity\"\/>\n","protected":false},"excerpt":{"rendered":"<p>En la iniciativa se vot\u00f3 13 votos a favor y dos en contra para que el pago de dominicales y festivos sea del 100 % y&nbsp;que la jornada nocturna&nbsp;se inicie &hellip; <\/p>\n","protected":false},"author":1,"featured_media":1033,"comment_status":"closed","ping_status":"closed","sticky":false,"template":"","format":"standard","meta":{"footnotes":""},"categories":[1],"tags":[],"class_list":["post-1032","post","type-post","status-publish","format-standard","has-post-thumbnail","hentry","category-noticias"],"yoast_head":"<!-- This site is optimized with the Yoast SEO plugin v24.8.1 - https:\/\/yoast.com\/wordpress\/plugins\/seo\/ -->\n<title>Reforma laboral pasa a \u00faltimo debate en la plenaria de Senado - Buenas noticias de Colombia<\/title>\n<meta name=\"robots\" content=\"index, follow, max-snippet:-1, max-image-preview:large, max-video-preview:-1\" \/>\n<link rel=\"canonical\" href=\"https:\/\/cpmimagazin.com\/?p=1032\" \/>\n<meta property=\"og:locale\" content=\"es_ES\" \/>\n<meta property=\"og:type\" content=\"article\" \/>\n<meta property=\"og:title\" content=\"Reforma laboral pasa a \u00faltimo debate en la plenaria de Senado - Buenas noticias de Colombia\" \/>\n<meta property=\"og:description\" content=\"En la iniciativa se vot\u00f3 13 votos a favor y dos en contra para que el pago de dominicales y festivos sea del 100 % y&nbsp;que la jornada nocturna&nbsp;se inicie &hellip;\" \/>\n<meta property=\"og:url\" content=\"https:\/\/cpmimagazin.com\/?p=1032\" \/>\n<meta property=\"og:site_name\" content=\"Buenas noticias de Colombia\" \/>\n<meta property=\"article:published_time\" content=\"2025-05-28T21:07:01+00:00\" \/>\n<meta property=\"og:image\" content=\"https:\/\/cpmimagazin.com\/wp-content\/uploads\/2025\/05\/senado.jpeg\" \/>\n\t<meta property=\"og:image:width\" content=\"1280\" \/>\n\t<meta property=\"og:image:height\" content=\"853\" \/>\n\t<meta property=\"og:image:type\" content=\"image\/jpeg\" \/>\n<meta name=\"author\" content=\"Ines\" \/>\n<meta name=\"twitter:card\" content=\"summary_large_image\" \/>\n<meta name=\"twitter:label1\" content=\"Escrito por\" \/>\n\t<meta name=\"twitter:data1\" content=\"Ines\" \/>\n\t<meta name=\"twitter:label2\" content=\"Tiempo de lectura\" \/>\n\t<meta name=\"twitter:data2\" content=\"4 minutos\" \/>\n<script type=\"application\/ld+json\" class=\"yoast-schema-graph\">{\"@context\":\"https:\/\/schema.org\",\"@graph\":[{\"@type\":\"WebPage\",\"@id\":\"https:\/\/cpmimagazin.com\/?p=1032\",\"url\":\"https:\/\/cpmimagazin.com\/?p=1032\",\"name\":\"Reforma laboral pasa a \u00faltimo debate en la plenaria de Senado - Buenas noticias de Colombia\",\"isPartOf\":{\"@id\":\"https:\/\/cpmimagazin.com\/#website\"},\"primaryImageOfPage\":{\"@id\":\"https:\/\/cpmimagazin.com\/?p=1032#primaryimage\"},\"image\":{\"@id\":\"https:\/\/cpmimagazin.com\/?p=1032#primaryimage\"},\"thumbnailUrl\":\"https:\/\/cpmimagazin.com\/wp-content\/uploads\/2025\/05\/senado.jpeg\",\"datePublished\":\"2025-05-28T21:07:01+00:00\",\"author\":{\"@id\":\"https:\/\/cpmimagazin.com\/#\/schema\/person\/8b73e956994dc3114b861ce2e9ea62c8\"},\"breadcrumb\":{\"@id\":\"https:\/\/cpmimagazin.com\/?p=1032#breadcrumb\"},\"inLanguage\":\"es-CO\",\"potentialAction\":[{\"@type\":\"ReadAction\",\"target\":[\"https:\/\/cpmimagazin.com\/?p=1032\"]}]},{\"@type\":\"ImageObject\",\"inLanguage\":\"es-CO\",\"@id\":\"https:\/\/cpmimagazin.com\/?p=1032#primaryimage\",\"url\":\"https:\/\/cpmimagazin.com\/wp-content\/uploads\/2025\/05\/senado.jpeg\",\"contentUrl\":\"https:\/\/cpmimagazin.com\/wp-content\/uploads\/2025\/05\/senado.jpeg\",\"width\":1280,\"height\":853},{\"@type\":\"BreadcrumbList\",\"@id\":\"https:\/\/cpmimagazin.com\/?p=1032#breadcrumb\",\"itemListElement\":[{\"@type\":\"ListItem\",\"position\":1,\"name\":\"Inicio\",\"item\":\"https:\/\/cpmimagazin.com\/\"},{\"@type\":\"ListItem\",\"position\":2,\"name\":\"Reforma laboral pasa a \u00faltimo debate en la plenaria de Senado\"}]},{\"@type\":\"WebSite\",\"@id\":\"https:\/\/cpmimagazin.com\/#website\",\"url\":\"https:\/\/cpmimagazin.com\/\",\"name\":\"Buenas noticias de Colombia\",\"description\":\"Impulsamos historias que unen: juventud que inspira, adultos mayores que dejan huella. Descubre noticias, aprendizajes y el orgullo de nuestra gente, todo en \u201cMi Magazin\u201d. \u00a1S\u00e9 parte de una comunidad intergeneracional!\",\"potentialAction\":[{\"@type\":\"SearchAction\",\"target\":{\"@type\":\"EntryPoint\",\"urlTemplate\":\"https:\/\/cpmimagazin.com\/?s={search_term_string}\"},\"query-input\":{\"@type\":\"PropertyValueSpecification\",\"valueRequired\":true,\"valueName\":\"search_term_string\"}}],\"inLanguage\":\"es-CO\"},{\"@type\":\"Person\",\"@id\":\"https:\/\/cpmimagazin.com\/#\/schema\/person\/8b73e956994dc3114b861ce2e9ea62c8\",\"name\":\"Ines\",\"image\":{\"@type\":\"ImageObject\",\"inLanguage\":\"es-CO\",\"@id\":\"https:\/\/cpmimagazin.com\/#\/schema\/person\/image\/\",\"url\":\"https:\/\/secure.gravatar.com\/avatar\/d503d379e79ddcf53d45e12b964a724224aad794352599f500541027801754fc?s=96&d=mm&r=g\",\"contentUrl\":\"https:\/\/secure.gravatar.com\/avatar\/d503d379e79ddcf53d45e12b964a724224aad794352599f500541027801754fc?s=96&d=mm&r=g\",\"caption\":\"Ines\"},\"sameAs\":[\"https:\/\/cpmimagazin.com\"],\"url\":\"https:\/\/cpmimagazin.com\/?author=1\"}]}<\/script>\n<!-- \/ Yoast SEO plugin. -->","yoast_head_json":{"title":"Reforma laboral pasa a \u00faltimo debate en la plenaria de Senado - Buenas noticias de Colombia","robots":{"index":"index","follow":"follow","max-snippet":"max-snippet:-1","max-image-preview":"max-image-preview:large","max-video-preview":"max-video-preview:-1"},"canonical":"https:\/\/cpmimagazin.com\/?p=1032","og_locale":"es_ES","og_type":"article","og_title":"Reforma laboral pasa a \u00faltimo debate en la plenaria de Senado - Buenas noticias de Colombia","og_description":"En la iniciativa se vot\u00f3 13 votos a favor y dos en contra para que el pago de dominicales y festivos sea del 100 % y&nbsp;que la jornada nocturna&nbsp;se inicie &hellip;","og_url":"https:\/\/cpmimagazin.com\/?p=1032","og_site_name":"Buenas noticias de Colombia","article_published_time":"2025-05-28T21:07:01+00:00","og_image":[{"width":1280,"height":853,"url":"https:\/\/cpmimagazin.com\/wp-content\/uploads\/2025\/05\/senado.jpeg","type":"image\/jpeg"}],"author":"Ines","twitter_card":"summary_large_image","twitter_misc":{"Escrito por":"Ines","Tiempo de lectura":"4 minutos"},"schema":{"@context":"https:\/\/schema.org","@graph":[{"@type":"WebPage","@id":"https:\/\/cpmimagazin.com\/?p=1032","url":"https:\/\/cpmimagazin.com\/?p=1032","name":"Reforma laboral pasa a \u00faltimo debate en la plenaria de Senado - Buenas noticias de Colombia","isPartOf":{"@id":"https:\/\/cpmimagazin.com\/#website"},"primaryImageOfPage":{"@id":"https:\/\/cpmimagazin.com\/?p=1032#primaryimage"},"image":{"@id":"https:\/\/cpmimagazin.com\/?p=1032#primaryimage"},"thumbnailUrl":"https:\/\/cpmimagazin.com\/wp-content\/uploads\/2025\/05\/senado.jpeg","datePublished":"2025-05-28T21:07:01+00:00","author":{"@id":"https:\/\/cpmimagazin.com\/#\/schema\/person\/8b73e956994dc3114b861ce2e9ea62c8"},"breadcrumb":{"@id":"https:\/\/cpmimagazin.com\/?p=1032#breadcrumb"},"inLanguage":"es-CO","potentialAction":[{"@type":"ReadAction","target":["https:\/\/cpmimagazin.com\/?p=1032"]}]},{"@type":"ImageObject","inLanguage":"es-CO","@id":"https:\/\/cpmimagazin.com\/?p=1032#primaryimage","url":"https:\/\/cpmimagazin.com\/wp-content\/uploads\/2025\/05\/senado.jpeg","contentUrl":"https:\/\/cpmimagazin.com\/wp-content\/uploads\/2025\/05\/senado.jpeg","width":1280,"height":853},{"@type":"BreadcrumbList","@id":"https:\/\/cpmimagazin.com\/?p=1032#breadcrumb","itemListElement":[{"@type":"ListItem","position":1,"name":"Inicio","item":"https:\/\/cpmimagazin.com\/"},{"@type":"ListItem","position":2,"name":"Reforma laboral pasa a \u00faltimo debate en la plenaria de Senado"}]},{"@type":"WebSite","@id":"https:\/\/cpmimagazin.com\/#website","url":"https:\/\/cpmimagazin.com\/","name":"Buenas noticias de Colombia","description":"Impulsamos historias que unen: juventud que inspira, adultos mayores que dejan huella. Descubre noticias, aprendizajes y el orgullo de nuestra gente, todo en \u201cMi Magazin\u201d. \u00a1S\u00e9 parte de una comunidad intergeneracional!","potentialAction":[{"@type":"SearchAction","target":{"@type":"EntryPoint","urlTemplate":"https:\/\/cpmimagazin.com\/?s={search_term_string}"},"query-input":{"@type":"PropertyValueSpecification","valueRequired":true,"valueName":"search_term_string"}}],"inLanguage":"es-CO"},{"@type":"Person","@id":"https:\/\/cpmimagazin.com\/#\/schema\/person\/8b73e956994dc3114b861ce2e9ea62c8","name":"Ines","image":{"@type":"ImageObject","inLanguage":"es-CO","@id":"https:\/\/cpmimagazin.com\/#\/schema\/person\/image\/","url":"https:\/\/secure.gravatar.com\/avatar\/d503d379e79ddcf53d45e12b964a724224aad794352599f500541027801754fc?s=96&d=mm&r=g","contentUrl":"https:\/\/secure.gravatar.com\/avatar\/d503d379e79ddcf53d45e12b964a724224aad794352599f500541027801754fc?s=96&d=mm&r=g","caption":"Ines"},"sameAs":["https:\/\/cpmimagazin.com"],"url":"https:\/\/cpmimagazin.com\/?author=1"}]}},"featured_image_urls":{"full":["https:\/\/cpmimagazin.com\/wp-content\/uploads\/2025\/05\/senado.jpeg",1280,853,false],"thumbnail":["https:\/\/cpmimagazin.com\/wp-content\/uploads\/2025\/05\/senado-150x150.jpeg",150,150,true],"medium":["https:\/\/cpmimagazin.com\/wp-content\/uploads\/2025\/05\/senado-300x200.jpeg",300,200,true],"medium_large":["https:\/\/cpmimagazin.com\/wp-content\/uploads\/2025\/05\/senado-768x512.jpeg",735,490,true],"large":["https:\/\/cpmimagazin.com\/wp-content\/uploads\/2025\/05\/senado-1024x682.jpeg",735,490,true],"1536x1536":["https:\/\/cpmimagazin.com\/wp-content\/uploads\/2025\/05\/senado.jpeg",1280,853,false],"2048x2048":["https:\/\/cpmimagazin.com\/wp-content\/uploads\/2025\/05\/senado.jpeg",1280,853,false],"hitmag-landscape":["https:\/\/cpmimagazin.com\/wp-content\/uploads\/2025\/05\/senado-1120x450.jpeg",1120,450,true],"hitmag-featured":["https:\/\/cpmimagazin.com\/wp-content\/uploads\/2025\/05\/senado-735x400.jpeg",735,400,true],"hitmag-grid":["https:\/\/cpmimagazin.com\/wp-content\/uploads\/2025\/05\/senado-348x215.jpeg",348,215,true],"hitmag-list":["https:\/\/cpmimagazin.com\/wp-content\/uploads\/2025\/05\/senado-290x220.jpeg",290,220,true],"hitmag-thumbnail":["https:\/\/cpmimagazin.com\/wp-content\/uploads\/2025\/05\/senado-135x93.jpeg",135,93,true]},"author_info":{"display_name":"Ines","author_link":"https:\/\/cpmimagazin.com\/?author=1"},"category_info":"<a href=\"https:\/\/cpmimagazin.com\/?cat=1\" rel=\"category\">NOTICIAS<\/a>","tag_info":"NOTICIAS","comment_count":"0","_links":{"self":[{"href":"https:\/\/cpmimagazin.com\/index.php?rest_route=\/wp\/v2\/posts\/1032","targetHints":{"allow":["GET"]}}],"collection":[{"href":"https:\/\/cpmimagazin.com\/index.php?rest_route=\/wp\/v2\/posts"}],"about":[{"href":"https:\/\/cpmimagazin.com\/index.php?rest_route=\/wp\/v2\/types\/post"}],"author":[{"embeddable":true,"href":"https:\/\/cpmimagazin.com\/index.php?rest_route=\/wp\/v2\/users\/1"}],"replies":[{"embeddable":true,"href":"https:\/\/cpmimagazin.com\/index.php?rest_route=%2Fwp%2Fv2%2Fcomments&post=1032"}],"version-history":[{"count":1,"href":"https:\/\/cpmimagazin.com\/index.php?rest_route=\/wp\/v2\/posts\/1032\/revisions"}],"predecessor-version":[{"id":1034,"href":"https:\/\/cpmimagazin.com\/index.php?rest_route=\/wp\/v2\/posts\/1032\/revisions\/1034"}],"wp:featuredmedia":[{"embeddable":true,"href":"https:\/\/cpmimagazin.com\/index.php?rest_route=\/wp\/v2\/media\/1033"}],"wp:attachment":[{"href":"https:\/\/cpmimagazin.com\/index.php?rest_route=%2Fwp%2Fv2%2Fmedia&parent=1032"}],"wp:term":[{"taxonomy":"category","embeddable":true,"href":"https:\/\/cpmimagazin.com\/index.php?rest_route=%2Fwp%2Fv2%2Fcategories&post=1032"},{"taxonomy":"post_tag","embeddable":true,"href":"https:\/\/cpmimagazin.com\/index.php?rest_route=%2Fwp%2Fv2%2Ftags&post=1032"}],"curies":[{"name":"wp","href":"https:\/\/api.w.org\/{rel}","templated":true}]}}