{"id":1035,"date":"2025-05-29T00:43:06","date_gmt":"2025-05-29T00:43:06","guid":{"rendered":"https:\/\/cpmimagazin.com\/?p=1035"},"modified":"2025-05-29T00:43:06","modified_gmt":"2025-05-29T00:43:06","slug":"vuelve-agroexpo-el-evento-que-impulsa-al-campo-colombiano-y-latinoamericano","status":"publish","type":"post","link":"https:\/\/cpmimagazin.com\/?p=1035","title":{"rendered":"\u00a1Vuelve Agroexpo! El evento que impulsa al campo colombiano y latinoamericano"},"content":{"rendered":"\n<ul class=\"wp-block-list\">\n<li><em>M\u00e1s de 600 expositores y cerca de 3.000 animales en pie dar\u00e1n una muestra \u00fanica para el sector agropecuario y agroindustrial.<\/em><\/li>\n\n\n\n<li><em>Se espera la participaci\u00f3n de m\u00e1s de 200.000 visitantes en 12 d\u00edas de feria, manteniendo a Agroexpo como el encuentro agropecuario m\u00e1s importante de Am\u00e9rica Latina y el Caribe.<\/em><\/li>\n\n\n\n<li><em>Agroexpo cumple 50 a\u00f1os reuniendo en un mismo espacio a profesionales del agro y al p\u00fablico masivo, integrando lo mejor de las muestras comerciales agr\u00edcolas y pecuarias del pa\u00eds<\/em><strong><em>.<\/em><\/strong><\/li>\n\n\n\n<li><\/li>\n<\/ul>\n\n\n\n<p><strong>Bogot\u00e1, 28 de mayo de 2025<\/strong>. Del 9 al 20 de julio, Corferias ser\u00e1 nuevamente el epicentro del agro colombiano con la realizaci\u00f3n de la 25.\u00aa edici\u00f3n de Agroexpo, la feria m\u00e1s representativa del sector agroindustrial y agropecuario en Colombia, Am\u00e9rica Latina y el Caribe.<\/p>\n\n\n\n<p>Organizada por la Uni\u00f3n Nacional de Asociaciones Ganaderas Colombianas \u2013 UNAGA y Corferias, Agroexpo 2025 reunir\u00e1 a m\u00e1s de 600 expositores directos, cerca de 3.000 animales en pie en exhibici\u00f3n y juzgamiento, y una asistencia superior a los 200.000 visitantes, entre profesionales del agro, empresarios, compradores, medios de comunicaci\u00f3n y p\u00fablico general.<\/p>\n\n\n\n<figure class=\"wp-block-image size-full\"><img fetchpriority=\"high\" decoding=\"async\" width=\"480\" height=\"320\" src=\"https:\/\/cpmimagazin.com\/wp-content\/uploads\/2025\/05\/Agroexpo-2025-6.jpg\" alt=\"\" class=\"wp-image-1037\" srcset=\"https:\/\/cpmimagazin.com\/wp-content\/uploads\/2025\/05\/Agroexpo-2025-6.jpg 480w, https:\/\/cpmimagazin.com\/wp-content\/uploads\/2025\/05\/Agroexpo-2025-6-300x200.jpg 300w\" sizes=\"(max-width: 480px) 100vw, 480px\" \/><\/figure>\n\n\n\n<p>Esta edici\u00f3n tendr\u00e1 como eje tem\u00e1tico \u201cEl campo que impulsa\u201d, un concepto que trasciende el eslogan para convertirse en una experiencia viva que refleja transformaci\u00f3n, resiliencia y visi\u00f3n de futuro. La feria destacar\u00e1 el papel del agro como motor econ\u00f3mico, social y ambiental, y pondr\u00e1 el foco en la innovaci\u00f3n, la sostenibilidad, la inclusi\u00f3n y el relevo generacional como pilares del nuevo agro colombiano.<img decoding=\"async\" width=\"612\" height=\"119\" src=\"\"><\/p>\n\n\n\n<p>\u201cEl campo no es solo territorio: es un motor de transformaci\u00f3n y progreso. Su riqueza, diversidad e innovaci\u00f3n impulsan a personas, industrias y comunidades hacia un futuro m\u00e1s pr\u00f3spero y sostenible. Desde los peque\u00f1os productores hasta las grandes agroindustrias, el agro colombiano ofrece oportunidades reales para crecer, competir y mejorar la calidad de vida\u201d, afirm\u00f3 Doris Chingat\u00e9, jefe de proyecto de Agroexpo en Corferias.<\/p>\n\n\n\n<figure class=\"wp-block-image size-full\"><img decoding=\"async\" width=\"480\" height=\"320\" src=\"https:\/\/cpmimagazin.com\/wp-content\/uploads\/2025\/05\/Agroexpo-2025-7.jpg\" alt=\"\" class=\"wp-image-1039\" srcset=\"https:\/\/cpmimagazin.com\/wp-content\/uploads\/2025\/05\/Agroexpo-2025-7.jpg 480w, https:\/\/cpmimagazin.com\/wp-content\/uploads\/2025\/05\/Agroexpo-2025-7-300x200.jpg 300w\" sizes=\"(max-width: 480px) 100vw, 480px\" \/><\/figure>\n\n\n\n<p><strong>Una experiencia completa y multisectorial<\/strong><\/p>\n\n\n\n<p>Agroexpo 2025 ofrecer\u00e1 una programaci\u00f3n integral con espacios comerciales, t\u00e9cnicos y experienciales, dise\u00f1ados para generar conexiones reales, impulsar negocios, transferir conocimiento y visibilizar buenas pr\u00e1cticas. La agenda incluye:<\/p>\n\n\n\n<ul class=\"wp-block-list\">\n<li>Muestra comercial agr\u00edcola y pecuaria<\/li>\n\n\n\n<li>Exhibici\u00f3n y juzgamiento de animales<\/li>\n\n\n\n<li>Centro Experiencial Agropecuario (CEA)<\/li>\n\n\n\n<li>\u00a0III Foro Agroexpo Innova \u2013 INNOVACI\u00d3N, SOSTENIBILIDAD Y CRECIMIENTO &#8211;\u00a0 El Camino del Agro Colombiano (En alianza La Rep\u00fablica) espacio para visibilizar emprendimientos e innovaci\u00f3n en el agro<\/li>\n\n\n\n<li>Congreso Mundial de Ganado Pardo Suizo (18 de julio)<\/li>\n\n\n\n<li>XIV Congreso Porkcalidad (9 y 10 de julio)<\/li>\n\n\n\n<li>Remates, rueda de negocios, activaciones y actividades familiares<\/li>\n\n\n\n<li>Showroom virtual y presencia digital a trav\u00e9s de Econexia<\/li>\n<\/ul>\n\n\n\n<p>\u201cAgroexpo es m\u00e1s que una feria: es una plataforma para hacer negocios, aprender, innovar y articularse con otros subsectores. Es el punto de encuentro del agro que impulsa a Colombia y a toda la regi\u00f3n\u201d, se\u00f1al\u00f3 Daniel Espinosa, presidente de UNAGA.<\/p>\n\n\n\n<p><strong>Una feria para todos<\/strong><\/p>\n\n\n\n<p>Agroexpo es un escenario donde confluyen tradici\u00f3n, futuro e identidad. Un espacio para que productores, t\u00e9cnicos, empresarios, instituciones, gremios, familias y consumidores se conecten con el campo, aprendan sobre sus desaf\u00edos, descubran oportunidades de transformaci\u00f3n y fortalezcan su compromiso con el desarrollo rural.<\/p>\n\n\n\n<p>Conoce m\u00e1s informaci\u00f3n ingresando a <a href=\"http:\/\/www.agroexpo.com\">www.agroexpo.com<\/a>.<\/p>\n\n\n\n<figure class=\"wp-block-image size-large\"><img loading=\"lazy\" decoding=\"async\" width=\"724\" height=\"1024\" src=\"https:\/\/cpmimagazin.com\/wp-content\/uploads\/2025\/05\/KVs_AgroExpo_V21_Mesa-de-trabajo-1-1-724x1024.png\" alt=\"\" class=\"wp-image-1040\" srcset=\"https:\/\/cpmimagazin.com\/wp-content\/uploads\/2025\/05\/KVs_AgroExpo_V21_Mesa-de-trabajo-1-1-724x1024.png 724w, https:\/\/cpmimagazin.com\/wp-content\/uploads\/2025\/05\/KVs_AgroExpo_V21_Mesa-de-trabajo-1-1-212x300.png 212w, https:\/\/cpmimagazin.com\/wp-content\/uploads\/2025\/05\/KVs_AgroExpo_V21_Mesa-de-trabajo-1-1-768x1086.png 768w, https:\/\/cpmimagazin.com\/wp-content\/uploads\/2025\/05\/KVs_AgroExpo_V21_Mesa-de-trabajo-1-1-1086x1536.png 1086w, https:\/\/cpmimagazin.com\/wp-content\/uploads\/2025\/05\/KVs_AgroExpo_V21_Mesa-de-trabajo-1-1.png 1240w\" sizes=\"(max-width: 724px) 100vw, 724px\" \/><\/figure>\n\n\n\n<p><\/p>\n","protected":false},"excerpt":{"rendered":"<p>Bogot\u00e1, 28 de mayo de 2025. Del 9 al 20 de julio, Corferias ser\u00e1 nuevamente el epicentro del agro colombiano con la realizaci\u00f3n de la 25.\u00aa edici\u00f3n de Agroexpo, la &hellip; <\/p>\n","protected":false},"author":1,"featured_media":1038,"comment_status":"closed","ping_status":"closed","sticky":false,"template":"","format":"standard","meta":{"footnotes":""},"categories":[29,3,1,30,25],"tags":[],"class_list":["post-1035","post","type-post","status-publish","format-standard","has-post-thumbnail","hentry","category-bogota","category-columnas","category-noticias","category-region","category-turismo"],"yoast_head":"<!-- This site is optimized with the Yoast SEO plugin v24.8.1 - https:\/\/yoast.com\/wordpress\/plugins\/seo\/ -->\n<title>\u00a1Vuelve Agroexpo! El evento que impulsa al campo colombiano y latinoamericano - Buenas noticias de Colombia<\/title>\n<meta name=\"robots\" content=\"index, follow, max-snippet:-1, max-image-preview:large, max-video-preview:-1\" \/>\n<link rel=\"canonical\" href=\"https:\/\/cpmimagazin.com\/?p=1035\" \/>\n<meta property=\"og:locale\" content=\"es_ES\" \/>\n<meta property=\"og:type\" content=\"article\" \/>\n<meta property=\"og:title\" content=\"\u00a1Vuelve Agroexpo! El evento que impulsa al campo colombiano y latinoamericano - Buenas noticias de Colombia\" \/>\n<meta property=\"og:description\" content=\"Bogot\u00e1, 28 de mayo de 2025. Del 9 al 20 de julio, Corferias ser\u00e1 nuevamente el epicentro del agro colombiano con la realizaci\u00f3n de la 25.\u00aa edici\u00f3n de Agroexpo, la &hellip;\" \/>\n<meta property=\"og:url\" content=\"https:\/\/cpmimagazin.com\/?p=1035\" \/>\n<meta property=\"og:site_name\" content=\"Buenas noticias de Colombia\" \/>\n<meta property=\"article:published_time\" content=\"2025-05-29T00:43:06+00:00\" \/>\n<meta property=\"og:image\" content=\"https:\/\/cpmimagazin.com\/wp-content\/uploads\/2025\/05\/Agroexpo-2025-6-1.jpg\" \/>\n\t<meta property=\"og:image:width\" content=\"480\" \/>\n\t<meta property=\"og:image:height\" content=\"320\" \/>\n\t<meta property=\"og:image:type\" content=\"image\/jpeg\" \/>\n<meta name=\"author\" content=\"Ines\" \/>\n<meta name=\"twitter:card\" content=\"summary_large_image\" \/>\n<meta name=\"twitter:label1\" content=\"Escrito por\" \/>\n\t<meta name=\"twitter:data1\" content=\"Ines\" \/>\n\t<meta name=\"twitter:label2\" content=\"Tiempo de lectura\" \/>\n\t<meta name=\"twitter:data2\" content=\"4 minutos\" \/>\n<script type=\"application\/ld+json\" class=\"yoast-schema-graph\">{\"@context\":\"https:\/\/schema.org\",\"@graph\":[{\"@type\":\"WebPage\",\"@id\":\"https:\/\/cpmimagazin.com\/?p=1035\",\"url\":\"https:\/\/cpmimagazin.com\/?p=1035\",\"name\":\"\u00a1Vuelve Agroexpo! El evento que impulsa al campo colombiano y latinoamericano - Buenas noticias de Colombia\",\"isPartOf\":{\"@id\":\"https:\/\/cpmimagazin.com\/#website\"},\"primaryImageOfPage\":{\"@id\":\"https:\/\/cpmimagazin.com\/?p=1035#primaryimage\"},\"image\":{\"@id\":\"https:\/\/cpmimagazin.com\/?p=1035#primaryimage\"},\"thumbnailUrl\":\"https:\/\/cpmimagazin.com\/wp-content\/uploads\/2025\/05\/Agroexpo-2025-6-1.jpg\",\"datePublished\":\"2025-05-29T00:43:06+00:00\",\"author\":{\"@id\":\"https:\/\/cpmimagazin.com\/#\/schema\/person\/8b73e956994dc3114b861ce2e9ea62c8\"},\"breadcrumb\":{\"@id\":\"https:\/\/cpmimagazin.com\/?p=1035#breadcrumb\"},\"inLanguage\":\"es-CO\",\"potentialAction\":[{\"@type\":\"ReadAction\",\"target\":[\"https:\/\/cpmimagazin.com\/?p=1035\"]}]},{\"@type\":\"ImageObject\",\"inLanguage\":\"es-CO\",\"@id\":\"https:\/\/cpmimagazin.com\/?p=1035#primaryimage\",\"url\":\"https:\/\/cpmimagazin.com\/wp-content\/uploads\/2025\/05\/Agroexpo-2025-6-1.jpg\",\"contentUrl\":\"https:\/\/cpmimagazin.com\/wp-content\/uploads\/2025\/05\/Agroexpo-2025-6-1.jpg\",\"width\":480,\"height\":320},{\"@type\":\"BreadcrumbList\",\"@id\":\"https:\/\/cpmimagazin.com\/?p=1035#breadcrumb\",\"itemListElement\":[{\"@type\":\"ListItem\",\"position\":1,\"name\":\"Inicio\",\"item\":\"https:\/\/cpmimagazin.com\/\"},{\"@type\":\"ListItem\",\"position\":2,\"name\":\"\u00a1Vuelve Agroexpo! El evento que impulsa al campo colombiano y latinoamericano\"}]},{\"@type\":\"WebSite\",\"@id\":\"https:\/\/cpmimagazin.com\/#website\",\"url\":\"https:\/\/cpmimagazin.com\/\",\"name\":\"Buenas noticias de Colombia\",\"description\":\"Impulsamos historias que unen: juventud que inspira, adultos mayores que dejan huella. Descubre noticias, aprendizajes y el orgullo de nuestra gente, todo en \u201cMi Magazin\u201d. \u00a1S\u00e9 parte de una comunidad intergeneracional!\",\"potentialAction\":[{\"@type\":\"SearchAction\",\"target\":{\"@type\":\"EntryPoint\",\"urlTemplate\":\"https:\/\/cpmimagazin.com\/?s={search_term_string}\"},\"query-input\":{\"@type\":\"PropertyValueSpecification\",\"valueRequired\":true,\"valueName\":\"search_term_string\"}}],\"inLanguage\":\"es-CO\"},{\"@type\":\"Person\",\"@id\":\"https:\/\/cpmimagazin.com\/#\/schema\/person\/8b73e956994dc3114b861ce2e9ea62c8\",\"name\":\"Ines\",\"image\":{\"@type\":\"ImageObject\",\"inLanguage\":\"es-CO\",\"@id\":\"https:\/\/cpmimagazin.com\/#\/schema\/person\/image\/\",\"url\":\"https:\/\/secure.gravatar.com\/avatar\/d503d379e79ddcf53d45e12b964a724224aad794352599f500541027801754fc?s=96&d=mm&r=g\",\"contentUrl\":\"https:\/\/secure.gravatar.com\/avatar\/d503d379e79ddcf53d45e12b964a724224aad794352599f500541027801754fc?s=96&d=mm&r=g\",\"caption\":\"Ines\"},\"sameAs\":[\"https:\/\/cpmimagazin.com\"],\"url\":\"https:\/\/cpmimagazin.com\/?author=1\"}]}<\/script>\n<!-- \/ Yoast SEO plugin. -->","yoast_head_json":{"title":"\u00a1Vuelve Agroexpo! El evento que impulsa al campo colombiano y latinoamericano - Buenas noticias de Colombia","robots":{"index":"index","follow":"follow","max-snippet":"max-snippet:-1","max-image-preview":"max-image-preview:large","max-video-preview":"max-video-preview:-1"},"canonical":"https:\/\/cpmimagazin.com\/?p=1035","og_locale":"es_ES","og_type":"article","og_title":"\u00a1Vuelve Agroexpo! El evento que impulsa al campo colombiano y latinoamericano - Buenas noticias de Colombia","og_description":"Bogot\u00e1, 28 de mayo de 2025. Del 9 al 20 de julio, Corferias ser\u00e1 nuevamente el epicentro del agro colombiano con la realizaci\u00f3n de la 25.\u00aa edici\u00f3n de Agroexpo, la &hellip;","og_url":"https:\/\/cpmimagazin.com\/?p=1035","og_site_name":"Buenas noticias de Colombia","article_published_time":"2025-05-29T00:43:06+00:00","og_image":[{"width":480,"height":320,"url":"https:\/\/cpmimagazin.com\/wp-content\/uploads\/2025\/05\/Agroexpo-2025-6-1.jpg","type":"image\/jpeg"}],"author":"Ines","twitter_card":"summary_large_image","twitter_misc":{"Escrito por":"Ines","Tiempo de lectura":"4 minutos"},"schema":{"@context":"https:\/\/schema.org","@graph":[{"@type":"WebPage","@id":"https:\/\/cpmimagazin.com\/?p=1035","url":"https:\/\/cpmimagazin.com\/?p=1035","name":"\u00a1Vuelve Agroexpo! El evento que impulsa al campo colombiano y latinoamericano - Buenas noticias de Colombia","isPartOf":{"@id":"https:\/\/cpmimagazin.com\/#website"},"primaryImageOfPage":{"@id":"https:\/\/cpmimagazin.com\/?p=1035#primaryimage"},"image":{"@id":"https:\/\/cpmimagazin.com\/?p=1035#primaryimage"},"thumbnailUrl":"https:\/\/cpmimagazin.com\/wp-content\/uploads\/2025\/05\/Agroexpo-2025-6-1.jpg","datePublished":"2025-05-29T00:43:06+00:00","author":{"@id":"https:\/\/cpmimagazin.com\/#\/schema\/person\/8b73e956994dc3114b861ce2e9ea62c8"},"breadcrumb":{"@id":"https:\/\/cpmimagazin.com\/?p=1035#breadcrumb"},"inLanguage":"es-CO","potentialAction":[{"@type":"ReadAction","target":["https:\/\/cpmimagazin.com\/?p=1035"]}]},{"@type":"ImageObject","inLanguage":"es-CO","@id":"https:\/\/cpmimagazin.com\/?p=1035#primaryimage","url":"https:\/\/cpmimagazin.com\/wp-content\/uploads\/2025\/05\/Agroexpo-2025-6-1.jpg","contentUrl":"https:\/\/cpmimagazin.com\/wp-content\/uploads\/2025\/05\/Agroexpo-2025-6-1.jpg","width":480,"height":320},{"@type":"BreadcrumbList","@id":"https:\/\/cpmimagazin.com\/?p=1035#breadcrumb","itemListElement":[{"@type":"ListItem","position":1,"name":"Inicio","item":"https:\/\/cpmimagazin.com\/"},{"@type":"ListItem","position":2,"name":"\u00a1Vuelve Agroexpo! El evento que impulsa al campo colombiano y latinoamericano"}]},{"@type":"WebSite","@id":"https:\/\/cpmimagazin.com\/#website","url":"https:\/\/cpmimagazin.com\/","name":"Buenas noticias de Colombia","description":"Impulsamos historias que unen: juventud que inspira, adultos mayores que dejan huella. Descubre noticias, aprendizajes y el orgullo de nuestra gente, todo en \u201cMi Magazin\u201d. \u00a1S\u00e9 parte de una comunidad intergeneracional!","potentialAction":[{"@type":"SearchAction","target":{"@type":"EntryPoint","urlTemplate":"https:\/\/cpmimagazin.com\/?s={search_term_string}"},"query-input":{"@type":"PropertyValueSpecification","valueRequired":true,"valueName":"search_term_string"}}],"inLanguage":"es-CO"},{"@type":"Person","@id":"https:\/\/cpmimagazin.com\/#\/schema\/person\/8b73e956994dc3114b861ce2e9ea62c8","name":"Ines","image":{"@type":"ImageObject","inLanguage":"es-CO","@id":"https:\/\/cpmimagazin.com\/#\/schema\/person\/image\/","url":"https:\/\/secure.gravatar.com\/avatar\/d503d379e79ddcf53d45e12b964a724224aad794352599f500541027801754fc?s=96&d=mm&r=g","contentUrl":"https:\/\/secure.gravatar.com\/avatar\/d503d379e79ddcf53d45e12b964a724224aad794352599f500541027801754fc?s=96&d=mm&r=g","caption":"Ines"},"sameAs":["https:\/\/cpmimagazin.com"],"url":"https:\/\/cpmimagazin.com\/?author=1"}]}},"featured_image_urls":{"full":["https:\/\/cpmimagazin.com\/wp-content\/uploads\/2025\/05\/Agroexpo-2025-6-1.jpg",480,320,false],"thumbnail":["https:\/\/cpmimagazin.com\/wp-content\/uploads\/2025\/05\/Agroexpo-2025-6-1-150x150.jpg",150,150,true],"medium":["https:\/\/cpmimagazin.com\/wp-content\/uploads\/2025\/05\/Agroexpo-2025-6-1-300x200.jpg",300,200,true],"medium_large":["https:\/\/cpmimagazin.com\/wp-content\/uploads\/2025\/05\/Agroexpo-2025-6-1.jpg",480,320,false],"large":["https:\/\/cpmimagazin.com\/wp-content\/uploads\/2025\/05\/Agroexpo-2025-6-1.jpg",480,320,false],"1536x1536":["https:\/\/cpmimagazin.com\/wp-content\/uploads\/2025\/05\/Agroexpo-2025-6-1.jpg",480,320,false],"2048x2048":["https:\/\/cpmimagazin.com\/wp-content\/uploads\/2025\/05\/Agroexpo-2025-6-1.jpg",480,320,false],"hitmag-landscape":["https:\/\/cpmimagazin.com\/wp-content\/uploads\/2025\/05\/Agroexpo-2025-6-1.jpg",480,320,false],"hitmag-featured":["https:\/\/cpmimagazin.com\/wp-content\/uploads\/2025\/05\/Agroexpo-2025-6-1.jpg",480,320,false],"hitmag-grid":["https:\/\/cpmimagazin.com\/wp-content\/uploads\/2025\/05\/Agroexpo-2025-6-1-348x215.jpg",348,215,true],"hitmag-list":["https:\/\/cpmimagazin.com\/wp-content\/uploads\/2025\/05\/Agroexpo-2025-6-1-290x220.jpg",290,220,true],"hitmag-thumbnail":["https:\/\/cpmimagazin.com\/wp-content\/uploads\/2025\/05\/Agroexpo-2025-6-1-135x93.jpg",135,93,true]},"author_info":{"display_name":"Ines","author_link":"https:\/\/cpmimagazin.com\/?author=1"},"category_info":"<a href=\"https:\/\/cpmimagazin.com\/?cat=29\" rel=\"category\">BOGOT\u00c1<\/a> <a href=\"https:\/\/cpmimagazin.com\/?cat=3\" rel=\"category\">COLUMNAS DE OPINI\u00d3N<\/a> <a href=\"https:\/\/cpmimagazin.com\/?cat=1\" rel=\"category\">NOTICIAS<\/a> <a href=\"https:\/\/cpmimagazin.com\/?cat=30\" rel=\"category\">REGI\u00d3N<\/a> <a href=\"https:\/\/cpmimagazin.com\/?cat=25\" rel=\"category\">TURISMO<\/a>","tag_info":"TURISMO","comment_count":"0","_links":{"self":[{"href":"https:\/\/cpmimagazin.com\/index.php?rest_route=\/wp\/v2\/posts\/1035","targetHints":{"allow":["GET"]}}],"collection":[{"href":"https:\/\/cpmimagazin.com\/index.php?rest_route=\/wp\/v2\/posts"}],"about":[{"href":"https:\/\/cpmimagazin.com\/index.php?rest_route=\/wp\/v2\/types\/post"}],"author":[{"embeddable":true,"href":"https:\/\/cpmimagazin.com\/index.php?rest_route=\/wp\/v2\/users\/1"}],"replies":[{"embeddable":true,"href":"https:\/\/cpmimagazin.com\/index.php?rest_route=%2Fwp%2Fv2%2Fcomments&post=1035"}],"version-history":[{"count":1,"href":"https:\/\/cpmimagazin.com\/index.php?rest_route=\/wp\/v2\/posts\/1035\/revisions"}],"predecessor-version":[{"id":1041,"href":"https:\/\/cpmimagazin.com\/index.php?rest_route=\/wp\/v2\/posts\/1035\/revisions\/1041"}],"wp:featuredmedia":[{"embeddable":true,"href":"https:\/\/cpmimagazin.com\/index.php?rest_route=\/wp\/v2\/media\/1038"}],"wp:attachment":[{"href":"https:\/\/cpmimagazin.com\/index.php?rest_route=%2Fwp%2Fv2%2Fmedia&parent=1035"}],"wp:term":[{"taxonomy":"category","embeddable":true,"href":"https:\/\/cpmimagazin.com\/index.php?rest_route=%2Fwp%2Fv2%2Fcategories&post=1035"},{"taxonomy":"post_tag","embeddable":true,"href":"https:\/\/cpmimagazin.com\/index.php?rest_route=%2Fwp%2Fv2%2Ftags&post=1035"}],"curies":[{"name":"wp","href":"https:\/\/api.w.org\/{rel}","templated":true}]}}