{"id":1042,"date":"2025-05-30T16:32:17","date_gmt":"2025-05-30T16:32:17","guid":{"rendered":"https:\/\/cpmimagazin.com\/?p=1042"},"modified":"2025-05-30T16:32:18","modified_gmt":"2025-05-30T16:32:18","slug":"la-banda-folklorica-cundinamarquesa-la-de-si-regresa-a-colombia-tras-exitosa-gira-en-europa","status":"publish","type":"post","link":"https:\/\/cpmimagazin.com\/?p=1042","title":{"rendered":"La banda folkl\u00f3rica cundinamarquesa &#8220;La De Si\u201d regresa a Colombia tras exitosa gira en Europa\u00a0"},"content":{"rendered":"\n<ul class=\"wp-block-list\">\n<li><em>La banda fiestera del municipio de Cota visit\u00f3 tres pa\u00edses del Viejo Continente<\/em><\/li>\n<\/ul>\n\n\n\n<p><strong><em>(Cundinamarca, 29 de mayo de 2025)<\/em><\/strong>&nbsp;Veinticuatro j\u00f3venes m\u00fasicos y dos bailarines de la Banda fiestera \u201cLa De Si\u201d finalizaron con \u00e9xito una gira por Europa en la que compartieron una vibrante muestra del folklor colombiano y cundinamarqu\u00e9s. Este recorrido internacional cont\u00f3 con el apoyo econ\u00f3mico del Instituto de Cultura y Turismo de Cundinamarca, IDECUT, el cual otorg\u00f3 un apoyo econ\u00f3mico que les permiti\u00f3 visitar 3 pa\u00edses del viejo continente.<\/p>\n\n\n\n<p>Diego Arias, director la banda fiestera, agradeci\u00f3 la oportunidad de mostrar su talento en Europa. \u201cLa gira cultural \u201cLa De Si\u201d Eurotour 2025 fue llevada a cabo con \u00e9xito por la banda fiestera del Municipio de Cota. Visitamos 3 pa\u00edses de la Uni\u00f3n Europea, Francia, B\u00e9lgica y Pa\u00edses bajos, donde realizamos presentaciones art\u00edsticas que homenajearon la identidad colombiana y latinoamericana\u201d<\/p>\n\n\n\n<figure class=\"wp-block-image size-full\"><img fetchpriority=\"high\" decoding=\"async\" width=\"800\" height=\"400\" src=\"https:\/\/cpmimagazin.com\/wp-content\/uploads\/2025\/05\/C2-3.jpg\" alt=\"\" class=\"wp-image-1043\" srcset=\"https:\/\/cpmimagazin.com\/wp-content\/uploads\/2025\/05\/C2-3.jpg 800w, https:\/\/cpmimagazin.com\/wp-content\/uploads\/2025\/05\/C2-3-300x150.jpg 300w, https:\/\/cpmimagazin.com\/wp-content\/uploads\/2025\/05\/C2-3-768x384.jpg 768w\" sizes=\"(max-width: 800px) 100vw, 800px\" \/><\/figure>\n\n\n\n<p>&#8220;La De Si&#8221; realiz\u00f3 una serie de presentaciones entre el 17 y el 22 de mayo en diversas ciudades de Europa, incluyendo&nbsp;Par\u00eds, Bruselas, Gante, Maastricht, Genk y Hasselt. De esta manera, la banda fiestera de Cota, se convierte en la primera banda folcl\u00f3rica de Cundinamarca que se presenta en los escenarios del viejo continente.<\/p>\n\n\n\n<p>A su llegada a Europa, los integrantes de \u201cLa De Si\u201d fueron recibidos por Alfonso Prada Gil, embajador de Colombia ante la Republica de Francia. \u201cEs un honor para m\u00ed recibir el talento de estos j\u00f3venes que llegan desde Cota. Mi agradecimiento al alcalde, a la Gobernaci\u00f3n y particularmente a sus familias que hicieron un gran esfuerzo para que esta gira sea un \u00e9xito. Ellos son embajadores, ellos hacen diplomacia cultural mostrando a Colombia, su cultura y su belleza ante el mundo\u201d se\u00f1al\u00f3 el embajador Prada.<\/p>\n\n\n\n<p>Este viaje represent\u00f3 una valiosa oportunidad para los integrantes de la banda y se convierte en un aliciente para seguir trabajando por el folklor en el departamento.<\/p>\n","protected":false},"excerpt":{"rendered":"<p>(Cundinamarca, 29 de mayo de 2025)&nbsp;Veinticuatro j\u00f3venes m\u00fasicos y dos bailarines de la Banda fiestera \u201cLa De Si\u201d finalizaron con \u00e9xito una gira por Europa en la que compartieron una &hellip; <\/p>\n","protected":false},"author":1,"featured_media":1044,"comment_status":"closed","ping_status":"closed","sticky":false,"template":"","format":"standard","meta":{"footnotes":""},"categories":[29,10,1,30,25],"tags":[],"class_list":["post-1042","post","type-post","status-publish","format-standard","has-post-thumbnail","hentry","category-bogota","category-music","category-noticias","category-region","category-turismo"],"yoast_head":"<!-- This site is optimized with the Yoast SEO plugin v24.8.1 - https:\/\/yoast.com\/wordpress\/plugins\/seo\/ -->\n<title>La banda folkl\u00f3rica cundinamarquesa &quot;La De Si\u201d regresa a Colombia tras exitosa gira en Europa\u00a0 - Buenas noticias de Colombia<\/title>\n<meta name=\"robots\" content=\"index, follow, max-snippet:-1, max-image-preview:large, max-video-preview:-1\" \/>\n<link rel=\"canonical\" href=\"https:\/\/cpmimagazin.com\/?p=1042\" \/>\n<meta property=\"og:locale\" content=\"es_ES\" \/>\n<meta property=\"og:type\" content=\"article\" \/>\n<meta property=\"og:title\" content=\"La banda folkl\u00f3rica cundinamarquesa &quot;La De Si\u201d regresa a Colombia tras exitosa gira en Europa\u00a0 - Buenas noticias de Colombia\" \/>\n<meta property=\"og:description\" content=\"(Cundinamarca, 29 de mayo de 2025)&nbsp;Veinticuatro j\u00f3venes m\u00fasicos y dos bailarines de la Banda fiestera \u201cLa De Si\u201d finalizaron con \u00e9xito una gira por Europa en la que compartieron una &hellip;\" \/>\n<meta property=\"og:url\" content=\"https:\/\/cpmimagazin.com\/?p=1042\" \/>\n<meta property=\"og:site_name\" content=\"Buenas noticias de Colombia\" \/>\n<meta property=\"article:published_time\" content=\"2025-05-30T16:32:17+00:00\" \/>\n<meta property=\"article:modified_time\" content=\"2025-05-30T16:32:18+00:00\" \/>\n<meta property=\"og:image\" content=\"https:\/\/cpmimagazin.com\/wp-content\/uploads\/2025\/05\/C1-5.jpg\" \/>\n\t<meta property=\"og:image:width\" content=\"800\" \/>\n\t<meta property=\"og:image:height\" content=\"400\" \/>\n\t<meta property=\"og:image:type\" content=\"image\/jpeg\" \/>\n<meta name=\"author\" content=\"Ines\" \/>\n<meta name=\"twitter:card\" content=\"summary_large_image\" \/>\n<meta name=\"twitter:label1\" content=\"Escrito por\" \/>\n\t<meta name=\"twitter:data1\" content=\"Ines\" \/>\n\t<meta name=\"twitter:label2\" content=\"Tiempo de lectura\" \/>\n\t<meta name=\"twitter:data2\" content=\"2 minutos\" \/>\n<script type=\"application\/ld+json\" class=\"yoast-schema-graph\">{\"@context\":\"https:\/\/schema.org\",\"@graph\":[{\"@type\":\"WebPage\",\"@id\":\"https:\/\/cpmimagazin.com\/?p=1042\",\"url\":\"https:\/\/cpmimagazin.com\/?p=1042\",\"name\":\"La banda folkl\u00f3rica cundinamarquesa \\\"La De Si\u201d regresa a Colombia tras exitosa gira en Europa\u00a0 - Buenas noticias de Colombia\",\"isPartOf\":{\"@id\":\"https:\/\/cpmimagazin.com\/#website\"},\"primaryImageOfPage\":{\"@id\":\"https:\/\/cpmimagazin.com\/?p=1042#primaryimage\"},\"image\":{\"@id\":\"https:\/\/cpmimagazin.com\/?p=1042#primaryimage\"},\"thumbnailUrl\":\"https:\/\/cpmimagazin.com\/wp-content\/uploads\/2025\/05\/C1-5.jpg\",\"datePublished\":\"2025-05-30T16:32:17+00:00\",\"dateModified\":\"2025-05-30T16:32:18+00:00\",\"author\":{\"@id\":\"https:\/\/cpmimagazin.com\/#\/schema\/person\/8b73e956994dc3114b861ce2e9ea62c8\"},\"breadcrumb\":{\"@id\":\"https:\/\/cpmimagazin.com\/?p=1042#breadcrumb\"},\"inLanguage\":\"es-CO\",\"potentialAction\":[{\"@type\":\"ReadAction\",\"target\":[\"https:\/\/cpmimagazin.com\/?p=1042\"]}]},{\"@type\":\"ImageObject\",\"inLanguage\":\"es-CO\",\"@id\":\"https:\/\/cpmimagazin.com\/?p=1042#primaryimage\",\"url\":\"https:\/\/cpmimagazin.com\/wp-content\/uploads\/2025\/05\/C1-5.jpg\",\"contentUrl\":\"https:\/\/cpmimagazin.com\/wp-content\/uploads\/2025\/05\/C1-5.jpg\",\"width\":800,\"height\":400},{\"@type\":\"BreadcrumbList\",\"@id\":\"https:\/\/cpmimagazin.com\/?p=1042#breadcrumb\",\"itemListElement\":[{\"@type\":\"ListItem\",\"position\":1,\"name\":\"Inicio\",\"item\":\"https:\/\/cpmimagazin.com\/\"},{\"@type\":\"ListItem\",\"position\":2,\"name\":\"La banda folkl\u00f3rica cundinamarquesa &#8220;La De Si\u201d regresa a Colombia tras exitosa gira en Europa\u00a0\"}]},{\"@type\":\"WebSite\",\"@id\":\"https:\/\/cpmimagazin.com\/#website\",\"url\":\"https:\/\/cpmimagazin.com\/\",\"name\":\"Buenas noticias de Colombia\",\"description\":\"Impulsamos historias que unen: juventud que inspira, adultos mayores que dejan huella. Descubre noticias, aprendizajes y el orgullo de nuestra gente, todo en \u201cMi Magazin\u201d. \u00a1S\u00e9 parte de una comunidad intergeneracional!\",\"potentialAction\":[{\"@type\":\"SearchAction\",\"target\":{\"@type\":\"EntryPoint\",\"urlTemplate\":\"https:\/\/cpmimagazin.com\/?s={search_term_string}\"},\"query-input\":{\"@type\":\"PropertyValueSpecification\",\"valueRequired\":true,\"valueName\":\"search_term_string\"}}],\"inLanguage\":\"es-CO\"},{\"@type\":\"Person\",\"@id\":\"https:\/\/cpmimagazin.com\/#\/schema\/person\/8b73e956994dc3114b861ce2e9ea62c8\",\"name\":\"Ines\",\"image\":{\"@type\":\"ImageObject\",\"inLanguage\":\"es-CO\",\"@id\":\"https:\/\/cpmimagazin.com\/#\/schema\/person\/image\/\",\"url\":\"https:\/\/secure.gravatar.com\/avatar\/d503d379e79ddcf53d45e12b964a724224aad794352599f500541027801754fc?s=96&d=mm&r=g\",\"contentUrl\":\"https:\/\/secure.gravatar.com\/avatar\/d503d379e79ddcf53d45e12b964a724224aad794352599f500541027801754fc?s=96&d=mm&r=g\",\"caption\":\"Ines\"},\"sameAs\":[\"https:\/\/cpmimagazin.com\"],\"url\":\"https:\/\/cpmimagazin.com\/?author=1\"}]}<\/script>\n<!-- \/ Yoast SEO plugin. -->","yoast_head_json":{"title":"La banda folkl\u00f3rica cundinamarquesa \"La De Si\u201d regresa a Colombia tras exitosa gira en Europa\u00a0 - Buenas noticias de Colombia","robots":{"index":"index","follow":"follow","max-snippet":"max-snippet:-1","max-image-preview":"max-image-preview:large","max-video-preview":"max-video-preview:-1"},"canonical":"https:\/\/cpmimagazin.com\/?p=1042","og_locale":"es_ES","og_type":"article","og_title":"La banda folkl\u00f3rica cundinamarquesa \"La De Si\u201d regresa a Colombia tras exitosa gira en Europa\u00a0 - Buenas noticias de Colombia","og_description":"(Cundinamarca, 29 de mayo de 2025)&nbsp;Veinticuatro j\u00f3venes m\u00fasicos y dos bailarines de la Banda fiestera \u201cLa De Si\u201d finalizaron con \u00e9xito una gira por Europa en la que compartieron una &hellip;","og_url":"https:\/\/cpmimagazin.com\/?p=1042","og_site_name":"Buenas noticias de Colombia","article_published_time":"2025-05-30T16:32:17+00:00","article_modified_time":"2025-05-30T16:32:18+00:00","og_image":[{"width":800,"height":400,"url":"https:\/\/cpmimagazin.com\/wp-content\/uploads\/2025\/05\/C1-5.jpg","type":"image\/jpeg"}],"author":"Ines","twitter_card":"summary_large_image","twitter_misc":{"Escrito por":"Ines","Tiempo de lectura":"2 minutos"},"schema":{"@context":"https:\/\/schema.org","@graph":[{"@type":"WebPage","@id":"https:\/\/cpmimagazin.com\/?p=1042","url":"https:\/\/cpmimagazin.com\/?p=1042","name":"La banda folkl\u00f3rica cundinamarquesa \"La De Si\u201d regresa a Colombia tras exitosa gira en Europa\u00a0 - Buenas noticias de Colombia","isPartOf":{"@id":"https:\/\/cpmimagazin.com\/#website"},"primaryImageOfPage":{"@id":"https:\/\/cpmimagazin.com\/?p=1042#primaryimage"},"image":{"@id":"https:\/\/cpmimagazin.com\/?p=1042#primaryimage"},"thumbnailUrl":"https:\/\/cpmimagazin.com\/wp-content\/uploads\/2025\/05\/C1-5.jpg","datePublished":"2025-05-30T16:32:17+00:00","dateModified":"2025-05-30T16:32:18+00:00","author":{"@id":"https:\/\/cpmimagazin.com\/#\/schema\/person\/8b73e956994dc3114b861ce2e9ea62c8"},"breadcrumb":{"@id":"https:\/\/cpmimagazin.com\/?p=1042#breadcrumb"},"inLanguage":"es-CO","potentialAction":[{"@type":"ReadAction","target":["https:\/\/cpmimagazin.com\/?p=1042"]}]},{"@type":"ImageObject","inLanguage":"es-CO","@id":"https:\/\/cpmimagazin.com\/?p=1042#primaryimage","url":"https:\/\/cpmimagazin.com\/wp-content\/uploads\/2025\/05\/C1-5.jpg","contentUrl":"https:\/\/cpmimagazin.com\/wp-content\/uploads\/2025\/05\/C1-5.jpg","width":800,"height":400},{"@type":"BreadcrumbList","@id":"https:\/\/cpmimagazin.com\/?p=1042#breadcrumb","itemListElement":[{"@type":"ListItem","position":1,"name":"Inicio","item":"https:\/\/cpmimagazin.com\/"},{"@type":"ListItem","position":2,"name":"La banda folkl\u00f3rica cundinamarquesa &#8220;La De Si\u201d regresa a Colombia tras exitosa gira en Europa\u00a0"}]},{"@type":"WebSite","@id":"https:\/\/cpmimagazin.com\/#website","url":"https:\/\/cpmimagazin.com\/","name":"Buenas noticias de Colombia","description":"Impulsamos historias que unen: juventud que inspira, adultos mayores que dejan huella. Descubre noticias, aprendizajes y el orgullo de nuestra gente, todo en \u201cMi Magazin\u201d. \u00a1S\u00e9 parte de una comunidad intergeneracional!","potentialAction":[{"@type":"SearchAction","target":{"@type":"EntryPoint","urlTemplate":"https:\/\/cpmimagazin.com\/?s={search_term_string}"},"query-input":{"@type":"PropertyValueSpecification","valueRequired":true,"valueName":"search_term_string"}}],"inLanguage":"es-CO"},{"@type":"Person","@id":"https:\/\/cpmimagazin.com\/#\/schema\/person\/8b73e956994dc3114b861ce2e9ea62c8","name":"Ines","image":{"@type":"ImageObject","inLanguage":"es-CO","@id":"https:\/\/cpmimagazin.com\/#\/schema\/person\/image\/","url":"https:\/\/secure.gravatar.com\/avatar\/d503d379e79ddcf53d45e12b964a724224aad794352599f500541027801754fc?s=96&d=mm&r=g","contentUrl":"https:\/\/secure.gravatar.com\/avatar\/d503d379e79ddcf53d45e12b964a724224aad794352599f500541027801754fc?s=96&d=mm&r=g","caption":"Ines"},"sameAs":["https:\/\/cpmimagazin.com"],"url":"https:\/\/cpmimagazin.com\/?author=1"}]}},"featured_image_urls":{"full":["https:\/\/cpmimagazin.com\/wp-content\/uploads\/2025\/05\/C1-5.jpg",800,400,false],"thumbnail":["https:\/\/cpmimagazin.com\/wp-content\/uploads\/2025\/05\/C1-5-150x150.jpg",150,150,true],"medium":["https:\/\/cpmimagazin.com\/wp-content\/uploads\/2025\/05\/C1-5-300x150.jpg",300,150,true],"medium_large":["https:\/\/cpmimagazin.com\/wp-content\/uploads\/2025\/05\/C1-5-768x384.jpg",735,368,true],"large":["https:\/\/cpmimagazin.com\/wp-content\/uploads\/2025\/05\/C1-5.jpg",735,368,false],"1536x1536":["https:\/\/cpmimagazin.com\/wp-content\/uploads\/2025\/05\/C1-5.jpg",800,400,false],"2048x2048":["https:\/\/cpmimagazin.com\/wp-content\/uploads\/2025\/05\/C1-5.jpg",800,400,false],"hitmag-landscape":["https:\/\/cpmimagazin.com\/wp-content\/uploads\/2025\/05\/C1-5.jpg",800,400,false],"hitmag-featured":["https:\/\/cpmimagazin.com\/wp-content\/uploads\/2025\/05\/C1-5-735x400.jpg",735,400,true],"hitmag-grid":["https:\/\/cpmimagazin.com\/wp-content\/uploads\/2025\/05\/C1-5-348x215.jpg",348,215,true],"hitmag-list":["https:\/\/cpmimagazin.com\/wp-content\/uploads\/2025\/05\/C1-5-290x220.jpg",290,220,true],"hitmag-thumbnail":["https:\/\/cpmimagazin.com\/wp-content\/uploads\/2025\/05\/C1-5-135x93.jpg",135,93,true]},"author_info":{"display_name":"Ines","author_link":"https:\/\/cpmimagazin.com\/?author=1"},"category_info":"<a href=\"https:\/\/cpmimagazin.com\/?cat=29\" rel=\"category\">BOGOT\u00c1<\/a> <a href=\"https:\/\/cpmimagazin.com\/?cat=10\" rel=\"category\">Music<\/a> <a href=\"https:\/\/cpmimagazin.com\/?cat=1\" rel=\"category\">NOTICIAS<\/a> <a href=\"https:\/\/cpmimagazin.com\/?cat=30\" rel=\"category\">REGI\u00d3N<\/a> <a href=\"https:\/\/cpmimagazin.com\/?cat=25\" rel=\"category\">TURISMO<\/a>","tag_info":"TURISMO","comment_count":"0","_links":{"self":[{"href":"https:\/\/cpmimagazin.com\/index.php?rest_route=\/wp\/v2\/posts\/1042","targetHints":{"allow":["GET"]}}],"collection":[{"href":"https:\/\/cpmimagazin.com\/index.php?rest_route=\/wp\/v2\/posts"}],"about":[{"href":"https:\/\/cpmimagazin.com\/index.php?rest_route=\/wp\/v2\/types\/post"}],"author":[{"embeddable":true,"href":"https:\/\/cpmimagazin.com\/index.php?rest_route=\/wp\/v2\/users\/1"}],"replies":[{"embeddable":true,"href":"https:\/\/cpmimagazin.com\/index.php?rest_route=%2Fwp%2Fv2%2Fcomments&post=1042"}],"version-history":[{"count":1,"href":"https:\/\/cpmimagazin.com\/index.php?rest_route=\/wp\/v2\/posts\/1042\/revisions"}],"predecessor-version":[{"id":1045,"href":"https:\/\/cpmimagazin.com\/index.php?rest_route=\/wp\/v2\/posts\/1042\/revisions\/1045"}],"wp:featuredmedia":[{"embeddable":true,"href":"https:\/\/cpmimagazin.com\/index.php?rest_route=\/wp\/v2\/media\/1044"}],"wp:attachment":[{"href":"https:\/\/cpmimagazin.com\/index.php?rest_route=%2Fwp%2Fv2%2Fmedia&parent=1042"}],"wp:term":[{"taxonomy":"category","embeddable":true,"href":"https:\/\/cpmimagazin.com\/index.php?rest_route=%2Fwp%2Fv2%2Fcategories&post=1042"},{"taxonomy":"post_tag","embeddable":true,"href":"https:\/\/cpmimagazin.com\/index.php?rest_route=%2Fwp%2Fv2%2Ftags&post=1042"}],"curies":[{"name":"wp","href":"https:\/\/api.w.org\/{rel}","templated":true}]}}