{"id":1074,"date":"2025-07-04T17:59:52","date_gmt":"2025-07-04T17:59:52","guid":{"rendered":"https:\/\/cpmimagazin.com\/?p=1074"},"modified":"2025-07-04T17:59:53","modified_gmt":"2025-07-04T17:59:53","slug":"gobierno-de-boyaca-presente-en-el-lanzamiento-oficial-de-agroexpo-2025","status":"publish","type":"post","link":"https:\/\/cpmimagazin.com\/?p=1074","title":{"rendered":"Gobierno de Boyac\u00e1 presente en el lanzamiento oficial de\u202fAgroexpo\u202f2025"},"content":{"rendered":"\n<figure class=\"wp-block-image size-full\"><img fetchpriority=\"high\" decoding=\"async\" width=\"834\" height=\"549\" src=\"https:\/\/cpmimagazin.com\/wp-content\/uploads\/2025\/07\/B1.png\" alt=\"\" class=\"wp-image-1075\" srcset=\"https:\/\/cpmimagazin.com\/wp-content\/uploads\/2025\/07\/B1.png 834w, https:\/\/cpmimagazin.com\/wp-content\/uploads\/2025\/07\/B1-300x197.png 300w, https:\/\/cpmimagazin.com\/wp-content\/uploads\/2025\/07\/B1-768x506.png 768w\" sizes=\"(max-width: 834px) 100vw, 834px\" \/><\/figure>\n\n\n\n<p><strong>M\u00e1s de 50 productores y asociaciones mostrar\u00e1n la diversidad agropecuaria y agroecol\u00f3gica boyacense.<\/strong><\/p>\n\n\n\n<p><strong>Bogot\u00e1, 3 de julio de 2025. (UACP).<\/strong>&nbsp;La Gobernaci\u00f3n de Boyac\u00e1, a trav\u00e9s de la Secretar\u00eda de\u202fAgricultura, particip\u00f3 en la rueda de prensa de lanzamiento oficial de Agroexpo\u202f2025, la feria agropecuaria m\u00e1s importante del pa\u00eds, que del 9\u202fal\u202f20\u202fde\u202fjulio celebrar\u00e1 su edici\u00f3n n\u00famero 25 en Corferias, en Bogot\u00e1.<\/p>\n\n\n\n<p>En esta ocasi\u00f3n, Boyac\u00e1 ha sido designado departamento invitado de honor en reconocimiento al trabajo, la productividad y el compromiso del campo boyacense con el desarrollo rural sostenible.<\/p>\n\n\n\n<p>Durante el encuentro con medios nacionales y especializados del sector se anunci\u00f3 que la feria contar\u00e1 con m\u00e1s de 600 expositores, distribuidos en 23 pabellones tem\u00e1ticos que reunir\u00e1n delegaciones productivas de todo el pa\u00eds.<\/p>\n\n\n\n<p>En este escenario, Boyac\u00e1 tendr\u00e1 un lugar destacado, mostrando lo mejor de sus cadenas productivas, el esfuerzo de sus asociaciones campesinas y el valor agregado de sus productos.<\/p>\n\n\n\n<p>La Secretar\u00eda de\u202fAgricultura confirm\u00f3 la participaci\u00f3n de m\u00e1s de 50 productores y asociaciones que presentar\u00e1n una muestra representativa del departamento: caf\u00e9, cacao, frutas frescas, hortalizas, productos transformados y l\u00edneas gen\u00e9ticas ovinas y caprinas de alta calidad, provenientes de distintas provincias.<\/p>\n\n\n\n<p>Tambi\u00e9n estar\u00e1n presentes municipios referentes como Tunungu\u00e1, Tipacoque y Aquitania, reconocidos por su producci\u00f3n de guan\u00e1bana, durazno y cebolla, respectivamente.<\/p>\n\n\n\n<p>De acuerdo con Juli\u00e1n\u202fPedreros, director de la Cadena Productiva de la secretar\u00eda, Boyac\u00e1 estar\u00e1 representado por m\u00e1s de 40 productores agropecuarios y 10 corrales bovinocaprinos, alineados con las l\u00edneas estrat\u00e9gicas de fortalecimiento agropecuario.<\/p>\n\n\n\n<p><em>\u201cEstaremos en el pabell\u00f3n\u202f6, segundo nivel, junto a nuestros productores, demostrando las bondades del campo boyacense y el fortalecimiento del trabajo asociativo. Estos espacios son clave para visibilizar a las organizaciones que hoy est\u00e1n transformando el campo\u201d, se\u00f1al\u00f3.<\/em><\/p>\n\n\n\n<p>Este lanzamiento reafirma el compromiso institucional de posicionar a Boyac\u00e1 como referente nacional en transici\u00f3n agroecol\u00f3gica, enfoque territorial para el desarrollo rural y dinamizaci\u00f3n de mercados campesinos. Adem\u00e1s, subraya la importancia de fortalecer alianzas, intercambios t\u00e9cnicos y oportunidades comerciales que impulsen la econom\u00eda campesina y la soberan\u00eda alimentaria.<\/p>\n","protected":false},"excerpt":{"rendered":"<p>M\u00e1s de 50 productores y asociaciones mostrar\u00e1n la diversidad agropecuaria y agroecol\u00f3gica boyacense. Bogot\u00e1, 3 de julio de 2025. (UACP).&nbsp;La Gobernaci\u00f3n de Boyac\u00e1, a trav\u00e9s de la Secretar\u00eda de\u202fAgricultura, particip\u00f3 &hellip; <\/p>\n","protected":false},"author":1,"featured_media":1075,"comment_status":"closed","ping_status":"closed","sticky":false,"template":"","format":"standard","meta":{"footnotes":""},"categories":[29,1,30,25],"tags":[],"class_list":["post-1074","post","type-post","status-publish","format-standard","has-post-thumbnail","hentry","category-bogota","category-noticias","category-region","category-turismo"],"yoast_head":"<!-- This site is optimized with the Yoast SEO plugin v24.8.1 - https:\/\/yoast.com\/wordpress\/plugins\/seo\/ -->\n<title>Gobierno de Boyac\u00e1 presente en el lanzamiento oficial de\u202fAgroexpo\u202f2025 - Buenas noticias de Colombia<\/title>\n<meta name=\"robots\" content=\"index, follow, max-snippet:-1, max-image-preview:large, max-video-preview:-1\" \/>\n<link rel=\"canonical\" href=\"https:\/\/cpmimagazin.com\/?p=1074\" \/>\n<meta property=\"og:locale\" content=\"es_ES\" \/>\n<meta property=\"og:type\" content=\"article\" \/>\n<meta property=\"og:title\" content=\"Gobierno de Boyac\u00e1 presente en el lanzamiento oficial de\u202fAgroexpo\u202f2025 - Buenas noticias de Colombia\" \/>\n<meta property=\"og:description\" content=\"M\u00e1s de 50 productores y asociaciones mostrar\u00e1n la diversidad agropecuaria y agroecol\u00f3gica boyacense. Bogot\u00e1, 3 de julio de 2025. (UACP).&nbsp;La Gobernaci\u00f3n de Boyac\u00e1, a trav\u00e9s de la Secretar\u00eda de\u202fAgricultura, particip\u00f3 &hellip;\" \/>\n<meta property=\"og:url\" content=\"https:\/\/cpmimagazin.com\/?p=1074\" \/>\n<meta property=\"og:site_name\" content=\"Buenas noticias de Colombia\" \/>\n<meta property=\"article:published_time\" content=\"2025-07-04T17:59:52+00:00\" \/>\n<meta property=\"article:modified_time\" content=\"2025-07-04T17:59:53+00:00\" \/>\n<meta property=\"og:image\" content=\"https:\/\/cpmimagazin.com\/wp-content\/uploads\/2025\/07\/B1.png\" \/>\n\t<meta property=\"og:image:width\" content=\"834\" \/>\n\t<meta property=\"og:image:height\" content=\"549\" \/>\n\t<meta property=\"og:image:type\" content=\"image\/png\" \/>\n<meta name=\"author\" content=\"Ines\" \/>\n<meta name=\"twitter:card\" content=\"summary_large_image\" \/>\n<meta name=\"twitter:label1\" content=\"Escrito por\" \/>\n\t<meta name=\"twitter:data1\" content=\"Ines\" \/>\n\t<meta name=\"twitter:label2\" content=\"Tiempo de lectura\" \/>\n\t<meta name=\"twitter:data2\" content=\"2 minutos\" \/>\n<script type=\"application\/ld+json\" class=\"yoast-schema-graph\">{\"@context\":\"https:\/\/schema.org\",\"@graph\":[{\"@type\":\"WebPage\",\"@id\":\"https:\/\/cpmimagazin.com\/?p=1074\",\"url\":\"https:\/\/cpmimagazin.com\/?p=1074\",\"name\":\"Gobierno de Boyac\u00e1 presente en el lanzamiento oficial de\u202fAgroexpo\u202f2025 - Buenas noticias de Colombia\",\"isPartOf\":{\"@id\":\"https:\/\/cpmimagazin.com\/#website\"},\"primaryImageOfPage\":{\"@id\":\"https:\/\/cpmimagazin.com\/?p=1074#primaryimage\"},\"image\":{\"@id\":\"https:\/\/cpmimagazin.com\/?p=1074#primaryimage\"},\"thumbnailUrl\":\"https:\/\/cpmimagazin.com\/wp-content\/uploads\/2025\/07\/B1.png\",\"datePublished\":\"2025-07-04T17:59:52+00:00\",\"dateModified\":\"2025-07-04T17:59:53+00:00\",\"author\":{\"@id\":\"https:\/\/cpmimagazin.com\/#\/schema\/person\/8b73e956994dc3114b861ce2e9ea62c8\"},\"breadcrumb\":{\"@id\":\"https:\/\/cpmimagazin.com\/?p=1074#breadcrumb\"},\"inLanguage\":\"es-CO\",\"potentialAction\":[{\"@type\":\"ReadAction\",\"target\":[\"https:\/\/cpmimagazin.com\/?p=1074\"]}]},{\"@type\":\"ImageObject\",\"inLanguage\":\"es-CO\",\"@id\":\"https:\/\/cpmimagazin.com\/?p=1074#primaryimage\",\"url\":\"https:\/\/cpmimagazin.com\/wp-content\/uploads\/2025\/07\/B1.png\",\"contentUrl\":\"https:\/\/cpmimagazin.com\/wp-content\/uploads\/2025\/07\/B1.png\",\"width\":834,\"height\":549},{\"@type\":\"BreadcrumbList\",\"@id\":\"https:\/\/cpmimagazin.com\/?p=1074#breadcrumb\",\"itemListElement\":[{\"@type\":\"ListItem\",\"position\":1,\"name\":\"Inicio\",\"item\":\"https:\/\/cpmimagazin.com\/\"},{\"@type\":\"ListItem\",\"position\":2,\"name\":\"Gobierno de Boyac\u00e1 presente en el lanzamiento oficial de\u202fAgroexpo\u202f2025\"}]},{\"@type\":\"WebSite\",\"@id\":\"https:\/\/cpmimagazin.com\/#website\",\"url\":\"https:\/\/cpmimagazin.com\/\",\"name\":\"Buenas noticias de Colombia\",\"description\":\"Impulsamos historias que unen: juventud que inspira, adultos mayores que dejan huella. Descubre noticias, aprendizajes y el orgullo de nuestra gente, todo en \u201cMi Magazin\u201d. \u00a1S\u00e9 parte de una comunidad intergeneracional!\",\"potentialAction\":[{\"@type\":\"SearchAction\",\"target\":{\"@type\":\"EntryPoint\",\"urlTemplate\":\"https:\/\/cpmimagazin.com\/?s={search_term_string}\"},\"query-input\":{\"@type\":\"PropertyValueSpecification\",\"valueRequired\":true,\"valueName\":\"search_term_string\"}}],\"inLanguage\":\"es-CO\"},{\"@type\":\"Person\",\"@id\":\"https:\/\/cpmimagazin.com\/#\/schema\/person\/8b73e956994dc3114b861ce2e9ea62c8\",\"name\":\"Ines\",\"image\":{\"@type\":\"ImageObject\",\"inLanguage\":\"es-CO\",\"@id\":\"https:\/\/cpmimagazin.com\/#\/schema\/person\/image\/\",\"url\":\"https:\/\/secure.gravatar.com\/avatar\/d503d379e79ddcf53d45e12b964a724224aad794352599f500541027801754fc?s=96&d=mm&r=g\",\"contentUrl\":\"https:\/\/secure.gravatar.com\/avatar\/d503d379e79ddcf53d45e12b964a724224aad794352599f500541027801754fc?s=96&d=mm&r=g\",\"caption\":\"Ines\"},\"sameAs\":[\"https:\/\/cpmimagazin.com\"],\"url\":\"https:\/\/cpmimagazin.com\/?author=1\"}]}<\/script>\n<!-- \/ Yoast SEO plugin. -->","yoast_head_json":{"title":"Gobierno de Boyac\u00e1 presente en el lanzamiento oficial de\u202fAgroexpo\u202f2025 - Buenas noticias de Colombia","robots":{"index":"index","follow":"follow","max-snippet":"max-snippet:-1","max-image-preview":"max-image-preview:large","max-video-preview":"max-video-preview:-1"},"canonical":"https:\/\/cpmimagazin.com\/?p=1074","og_locale":"es_ES","og_type":"article","og_title":"Gobierno de Boyac\u00e1 presente en el lanzamiento oficial de\u202fAgroexpo\u202f2025 - Buenas noticias de Colombia","og_description":"M\u00e1s de 50 productores y asociaciones mostrar\u00e1n la diversidad agropecuaria y agroecol\u00f3gica boyacense. Bogot\u00e1, 3 de julio de 2025. (UACP).&nbsp;La Gobernaci\u00f3n de Boyac\u00e1, a trav\u00e9s de la Secretar\u00eda de\u202fAgricultura, particip\u00f3 &hellip;","og_url":"https:\/\/cpmimagazin.com\/?p=1074","og_site_name":"Buenas noticias de Colombia","article_published_time":"2025-07-04T17:59:52+00:00","article_modified_time":"2025-07-04T17:59:53+00:00","og_image":[{"width":834,"height":549,"url":"https:\/\/cpmimagazin.com\/wp-content\/uploads\/2025\/07\/B1.png","type":"image\/png"}],"author":"Ines","twitter_card":"summary_large_image","twitter_misc":{"Escrito por":"Ines","Tiempo de lectura":"2 minutos"},"schema":{"@context":"https:\/\/schema.org","@graph":[{"@type":"WebPage","@id":"https:\/\/cpmimagazin.com\/?p=1074","url":"https:\/\/cpmimagazin.com\/?p=1074","name":"Gobierno de Boyac\u00e1 presente en el lanzamiento oficial de\u202fAgroexpo\u202f2025 - Buenas noticias de Colombia","isPartOf":{"@id":"https:\/\/cpmimagazin.com\/#website"},"primaryImageOfPage":{"@id":"https:\/\/cpmimagazin.com\/?p=1074#primaryimage"},"image":{"@id":"https:\/\/cpmimagazin.com\/?p=1074#primaryimage"},"thumbnailUrl":"https:\/\/cpmimagazin.com\/wp-content\/uploads\/2025\/07\/B1.png","datePublished":"2025-07-04T17:59:52+00:00","dateModified":"2025-07-04T17:59:53+00:00","author":{"@id":"https:\/\/cpmimagazin.com\/#\/schema\/person\/8b73e956994dc3114b861ce2e9ea62c8"},"breadcrumb":{"@id":"https:\/\/cpmimagazin.com\/?p=1074#breadcrumb"},"inLanguage":"es-CO","potentialAction":[{"@type":"ReadAction","target":["https:\/\/cpmimagazin.com\/?p=1074"]}]},{"@type":"ImageObject","inLanguage":"es-CO","@id":"https:\/\/cpmimagazin.com\/?p=1074#primaryimage","url":"https:\/\/cpmimagazin.com\/wp-content\/uploads\/2025\/07\/B1.png","contentUrl":"https:\/\/cpmimagazin.com\/wp-content\/uploads\/2025\/07\/B1.png","width":834,"height":549},{"@type":"BreadcrumbList","@id":"https:\/\/cpmimagazin.com\/?p=1074#breadcrumb","itemListElement":[{"@type":"ListItem","position":1,"name":"Inicio","item":"https:\/\/cpmimagazin.com\/"},{"@type":"ListItem","position":2,"name":"Gobierno de Boyac\u00e1 presente en el lanzamiento oficial de\u202fAgroexpo\u202f2025"}]},{"@type":"WebSite","@id":"https:\/\/cpmimagazin.com\/#website","url":"https:\/\/cpmimagazin.com\/","name":"Buenas noticias de Colombia","description":"Impulsamos historias que unen: juventud que inspira, adultos mayores que dejan huella. Descubre noticias, aprendizajes y el orgullo de nuestra gente, todo en \u201cMi Magazin\u201d. \u00a1S\u00e9 parte de una comunidad intergeneracional!","potentialAction":[{"@type":"SearchAction","target":{"@type":"EntryPoint","urlTemplate":"https:\/\/cpmimagazin.com\/?s={search_term_string}"},"query-input":{"@type":"PropertyValueSpecification","valueRequired":true,"valueName":"search_term_string"}}],"inLanguage":"es-CO"},{"@type":"Person","@id":"https:\/\/cpmimagazin.com\/#\/schema\/person\/8b73e956994dc3114b861ce2e9ea62c8","name":"Ines","image":{"@type":"ImageObject","inLanguage":"es-CO","@id":"https:\/\/cpmimagazin.com\/#\/schema\/person\/image\/","url":"https:\/\/secure.gravatar.com\/avatar\/d503d379e79ddcf53d45e12b964a724224aad794352599f500541027801754fc?s=96&d=mm&r=g","contentUrl":"https:\/\/secure.gravatar.com\/avatar\/d503d379e79ddcf53d45e12b964a724224aad794352599f500541027801754fc?s=96&d=mm&r=g","caption":"Ines"},"sameAs":["https:\/\/cpmimagazin.com"],"url":"https:\/\/cpmimagazin.com\/?author=1"}]}},"featured_image_urls":{"full":["https:\/\/cpmimagazin.com\/wp-content\/uploads\/2025\/07\/B1.png",834,549,false],"thumbnail":["https:\/\/cpmimagazin.com\/wp-content\/uploads\/2025\/07\/B1-150x150.png",150,150,true],"medium":["https:\/\/cpmimagazin.com\/wp-content\/uploads\/2025\/07\/B1-300x197.png",300,197,true],"medium_large":["https:\/\/cpmimagazin.com\/wp-content\/uploads\/2025\/07\/B1-768x506.png",735,484,true],"large":["https:\/\/cpmimagazin.com\/wp-content\/uploads\/2025\/07\/B1.png",735,484,false],"1536x1536":["https:\/\/cpmimagazin.com\/wp-content\/uploads\/2025\/07\/B1.png",834,549,false],"2048x2048":["https:\/\/cpmimagazin.com\/wp-content\/uploads\/2025\/07\/B1.png",834,549,false],"hitmag-landscape":["https:\/\/cpmimagazin.com\/wp-content\/uploads\/2025\/07\/B1-834x450.png",834,450,true],"hitmag-featured":["https:\/\/cpmimagazin.com\/wp-content\/uploads\/2025\/07\/B1-735x400.png",735,400,true],"hitmag-grid":["https:\/\/cpmimagazin.com\/wp-content\/uploads\/2025\/07\/B1-348x215.png",348,215,true],"hitmag-list":["https:\/\/cpmimagazin.com\/wp-content\/uploads\/2025\/07\/B1-290x220.png",290,220,true],"hitmag-thumbnail":["https:\/\/cpmimagazin.com\/wp-content\/uploads\/2025\/07\/B1-135x93.png",135,93,true]},"author_info":{"display_name":"Ines","author_link":"https:\/\/cpmimagazin.com\/?author=1"},"category_info":"<a href=\"https:\/\/cpmimagazin.com\/?cat=29\" rel=\"category\">BOGOT\u00c1<\/a> <a href=\"https:\/\/cpmimagazin.com\/?cat=1\" rel=\"category\">NOTICIAS<\/a> <a href=\"https:\/\/cpmimagazin.com\/?cat=30\" rel=\"category\">REGI\u00d3N<\/a> <a href=\"https:\/\/cpmimagazin.com\/?cat=25\" rel=\"category\">TURISMO<\/a>","tag_info":"TURISMO","comment_count":"0","_links":{"self":[{"href":"https:\/\/cpmimagazin.com\/index.php?rest_route=\/wp\/v2\/posts\/1074","targetHints":{"allow":["GET"]}}],"collection":[{"href":"https:\/\/cpmimagazin.com\/index.php?rest_route=\/wp\/v2\/posts"}],"about":[{"href":"https:\/\/cpmimagazin.com\/index.php?rest_route=\/wp\/v2\/types\/post"}],"author":[{"embeddable":true,"href":"https:\/\/cpmimagazin.com\/index.php?rest_route=\/wp\/v2\/users\/1"}],"replies":[{"embeddable":true,"href":"https:\/\/cpmimagazin.com\/index.php?rest_route=%2Fwp%2Fv2%2Fcomments&post=1074"}],"version-history":[{"count":1,"href":"https:\/\/cpmimagazin.com\/index.php?rest_route=\/wp\/v2\/posts\/1074\/revisions"}],"predecessor-version":[{"id":1076,"href":"https:\/\/cpmimagazin.com\/index.php?rest_route=\/wp\/v2\/posts\/1074\/revisions\/1076"}],"wp:featuredmedia":[{"embeddable":true,"href":"https:\/\/cpmimagazin.com\/index.php?rest_route=\/wp\/v2\/media\/1075"}],"wp:attachment":[{"href":"https:\/\/cpmimagazin.com\/index.php?rest_route=%2Fwp%2Fv2%2Fmedia&parent=1074"}],"wp:term":[{"taxonomy":"category","embeddable":true,"href":"https:\/\/cpmimagazin.com\/index.php?rest_route=%2Fwp%2Fv2%2Fcategories&post=1074"},{"taxonomy":"post_tag","embeddable":true,"href":"https:\/\/cpmimagazin.com\/index.php?rest_route=%2Fwp%2Fv2%2Ftags&post=1074"}],"curies":[{"name":"wp","href":"https:\/\/api.w.org\/{rel}","templated":true}]}}