{"id":1084,"date":"2025-07-05T03:17:28","date_gmt":"2025-07-05T03:17:28","guid":{"rendered":"https:\/\/cpmimagazin.com\/?p=1084"},"modified":"2025-07-05T03:17:29","modified_gmt":"2025-07-05T03:17:29","slug":"conmemoran-el-dia-nacional-de-libertad-religiosa","status":"publish","type":"post","link":"https:\/\/cpmimagazin.com\/?p=1084","title":{"rendered":"Conmemoran el D\u00eda Nacional de Libertad Religiosa."},"content":{"rendered":"\n<figure class=\"wp-block-embed is-type-rich is-provider-gestor-del-servicio wp-block-embed-gestor-del-servicio wp-embed-aspect-16-9 wp-has-aspect-ratio\"><div class=\"wp-block-embed__wrapper\">\n<iframe title=\"Conmemoraci\u00f3n del D\u00eda Nacional de Libertad Religiosa\" width=\"735\" height=\"413\" src=\"https:\/\/www.youtube.com\/embed\/zIqwhzx11B0?feature=oembed\" frameborder=\"0\" allow=\"accelerometer; autoplay; clipboard-write; encrypted-media; gyroscope; picture-in-picture; web-share\" referrerpolicy=\"strict-origin-when-cross-origin\" allowfullscreen><\/iframe>\n<\/div><\/figure>\n\n\n\n<p>El 04 de julio de cada a\u00f1o, se reconoce como El D\u00eda de la Libertad Religiosa y de Culto, que fue estipulado en el decreto 1079 de 2016, con base en los derechos consagrados en la Constituci\u00f3n Pol\u00edtica de Colombia y en las leyes posteriores. Es por esto que la SALRYC, que dirige Juli\u00e1n Carvajal Zamora, viene realizando en articulaci\u00f3n con los comit\u00e9s locales de LR, la conmemoraci\u00f3n de este d\u00eda tan importante para quienes profesan su fe en cualquiera de las religiones reconocidas en Colombia, durante el mes de julio.<\/p>\n\n\n\n<figure class=\"wp-block-image size-full\"><img fetchpriority=\"high\" decoding=\"async\" width=\"985\" height=\"739\" src=\"https:\/\/cpmimagazin.com\/wp-content\/uploads\/2025\/07\/IMG_0921.jpg\" alt=\"\" class=\"wp-image-1085\" srcset=\"https:\/\/cpmimagazin.com\/wp-content\/uploads\/2025\/07\/IMG_0921.jpg 985w, https:\/\/cpmimagazin.com\/wp-content\/uploads\/2025\/07\/IMG_0921-300x225.jpg 300w, https:\/\/cpmimagazin.com\/wp-content\/uploads\/2025\/07\/IMG_0921-768x576.jpg 768w\" sizes=\"(max-width: 985px) 100vw, 985px\" \/><\/figure>\n\n\n\n<p>En esta oportunidad la conmemoraci\u00f3n se realiz\u00f3 el 2 de julio del 2025 en Fontib\u00f3n, con presencia de la Alcaldesa Local, algunos ediles, el Subdirector de Asuntos de Libertad Culto y Conciencia, l\u00edderes religiosos de la localidad y comunidad en general.<\/p>\n\n\n\n<p>Es de anotar que la subdirecci\u00f3n con los distintos comit\u00e9s locales, durante el mes de julio continuar\u00e1 celebrando y conmemorando este d\u00eda de mayor importancia para todas las comunidades religiosas del Distrito Capital.<\/p>\n\n\n\n<figure class=\"wp-block-image size-full\"><img decoding=\"async\" width=\"985\" height=\"739\" src=\"https:\/\/cpmimagazin.com\/wp-content\/uploads\/2025\/07\/IMG_0978-1.jpg\" alt=\"\" class=\"wp-image-1086\" srcset=\"https:\/\/cpmimagazin.com\/wp-content\/uploads\/2025\/07\/IMG_0978-1.jpg 985w, https:\/\/cpmimagazin.com\/wp-content\/uploads\/2025\/07\/IMG_0978-1-300x225.jpg 300w, https:\/\/cpmimagazin.com\/wp-content\/uploads\/2025\/07\/IMG_0978-1-768x576.jpg 768w\" sizes=\"(max-width: 985px) 100vw, 985px\" \/><\/figure>\n","protected":false},"excerpt":{"rendered":"<p>El 04 de julio de cada a\u00f1o, se reconoce como El D\u00eda de la Libertad Religiosa y de Culto, que fue estipulado en el decreto 1079 de 2016, con base &hellip; <\/p>\n","protected":false},"author":1,"featured_media":1087,"comment_status":"closed","ping_status":"closed","sticky":false,"template":"","format":"standard","meta":{"footnotes":""},"categories":[29,31,1,30,25,4],"tags":[],"class_list":["post-1084","post","type-post","status-publish","format-standard","has-post-thumbnail","hentry","category-bogota","category-fe","category-noticias","category-region","category-turismo","category-you-tube"],"yoast_head":"<!-- This site is optimized with the Yoast SEO plugin v24.8.1 - https:\/\/yoast.com\/wordpress\/plugins\/seo\/ -->\n<title>Conmemoran el D\u00eda Nacional de Libertad Religiosa. - Buenas noticias de Colombia<\/title>\n<meta name=\"robots\" content=\"index, follow, max-snippet:-1, max-image-preview:large, max-video-preview:-1\" \/>\n<link rel=\"canonical\" href=\"https:\/\/cpmimagazin.com\/?p=1084\" \/>\n<meta property=\"og:locale\" content=\"es_ES\" \/>\n<meta property=\"og:type\" content=\"article\" \/>\n<meta property=\"og:title\" content=\"Conmemoran el D\u00eda Nacional de Libertad Religiosa. - Buenas noticias de Colombia\" \/>\n<meta property=\"og:description\" content=\"El 04 de julio de cada a\u00f1o, se reconoce como El D\u00eda de la Libertad Religiosa y de Culto, que fue estipulado en el decreto 1079 de 2016, con base &hellip;\" \/>\n<meta property=\"og:url\" content=\"https:\/\/cpmimagazin.com\/?p=1084\" \/>\n<meta property=\"og:site_name\" content=\"Buenas noticias de Colombia\" \/>\n<meta property=\"article:published_time\" content=\"2025-07-05T03:17:28+00:00\" \/>\n<meta property=\"article:modified_time\" content=\"2025-07-05T03:17:29+00:00\" \/>\n<meta property=\"og:image\" content=\"https:\/\/cpmimagazin.com\/wp-content\/uploads\/2025\/07\/Anadir-un-titulo.jpg\" \/>\n\t<meta property=\"og:image:width\" content=\"1314\" \/>\n\t<meta property=\"og:image:height\" content=\"739\" \/>\n\t<meta property=\"og:image:type\" content=\"image\/jpeg\" \/>\n<meta name=\"author\" content=\"Ines\" \/>\n<meta name=\"twitter:card\" content=\"summary_large_image\" \/>\n<meta name=\"twitter:label1\" content=\"Escrito por\" \/>\n\t<meta name=\"twitter:data1\" content=\"Ines\" \/>\n\t<meta name=\"twitter:label2\" content=\"Tiempo de lectura\" \/>\n\t<meta name=\"twitter:data2\" content=\"2 minutos\" \/>\n<script type=\"application\/ld+json\" class=\"yoast-schema-graph\">{\"@context\":\"https:\/\/schema.org\",\"@graph\":[{\"@type\":\"WebPage\",\"@id\":\"https:\/\/cpmimagazin.com\/?p=1084\",\"url\":\"https:\/\/cpmimagazin.com\/?p=1084\",\"name\":\"Conmemoran el D\u00eda Nacional de Libertad Religiosa. - Buenas noticias de Colombia\",\"isPartOf\":{\"@id\":\"https:\/\/cpmimagazin.com\/#website\"},\"primaryImageOfPage\":{\"@id\":\"https:\/\/cpmimagazin.com\/?p=1084#primaryimage\"},\"image\":{\"@id\":\"https:\/\/cpmimagazin.com\/?p=1084#primaryimage\"},\"thumbnailUrl\":\"https:\/\/cpmimagazin.com\/wp-content\/uploads\/2025\/07\/Anadir-un-titulo.jpg\",\"datePublished\":\"2025-07-05T03:17:28+00:00\",\"dateModified\":\"2025-07-05T03:17:29+00:00\",\"author\":{\"@id\":\"https:\/\/cpmimagazin.com\/#\/schema\/person\/8b73e956994dc3114b861ce2e9ea62c8\"},\"breadcrumb\":{\"@id\":\"https:\/\/cpmimagazin.com\/?p=1084#breadcrumb\"},\"inLanguage\":\"es-CO\",\"potentialAction\":[{\"@type\":\"ReadAction\",\"target\":[\"https:\/\/cpmimagazin.com\/?p=1084\"]}]},{\"@type\":\"ImageObject\",\"inLanguage\":\"es-CO\",\"@id\":\"https:\/\/cpmimagazin.com\/?p=1084#primaryimage\",\"url\":\"https:\/\/cpmimagazin.com\/wp-content\/uploads\/2025\/07\/Anadir-un-titulo.jpg\",\"contentUrl\":\"https:\/\/cpmimagazin.com\/wp-content\/uploads\/2025\/07\/Anadir-un-titulo.jpg\",\"width\":1314,\"height\":739},{\"@type\":\"BreadcrumbList\",\"@id\":\"https:\/\/cpmimagazin.com\/?p=1084#breadcrumb\",\"itemListElement\":[{\"@type\":\"ListItem\",\"position\":1,\"name\":\"Inicio\",\"item\":\"https:\/\/cpmimagazin.com\/\"},{\"@type\":\"ListItem\",\"position\":2,\"name\":\"Conmemoran el D\u00eda Nacional de Libertad Religiosa.\"}]},{\"@type\":\"WebSite\",\"@id\":\"https:\/\/cpmimagazin.com\/#website\",\"url\":\"https:\/\/cpmimagazin.com\/\",\"name\":\"Buenas noticias de Colombia\",\"description\":\"Impulsamos historias que unen: juventud que inspira, adultos mayores que dejan huella. Descubre noticias, aprendizajes y el orgullo de nuestra gente, todo en \u201cMi Magazin\u201d. \u00a1S\u00e9 parte de una comunidad intergeneracional!\",\"potentialAction\":[{\"@type\":\"SearchAction\",\"target\":{\"@type\":\"EntryPoint\",\"urlTemplate\":\"https:\/\/cpmimagazin.com\/?s={search_term_string}\"},\"query-input\":{\"@type\":\"PropertyValueSpecification\",\"valueRequired\":true,\"valueName\":\"search_term_string\"}}],\"inLanguage\":\"es-CO\"},{\"@type\":\"Person\",\"@id\":\"https:\/\/cpmimagazin.com\/#\/schema\/person\/8b73e956994dc3114b861ce2e9ea62c8\",\"name\":\"Ines\",\"image\":{\"@type\":\"ImageObject\",\"inLanguage\":\"es-CO\",\"@id\":\"https:\/\/cpmimagazin.com\/#\/schema\/person\/image\/\",\"url\":\"https:\/\/secure.gravatar.com\/avatar\/d503d379e79ddcf53d45e12b964a724224aad794352599f500541027801754fc?s=96&d=mm&r=g\",\"contentUrl\":\"https:\/\/secure.gravatar.com\/avatar\/d503d379e79ddcf53d45e12b964a724224aad794352599f500541027801754fc?s=96&d=mm&r=g\",\"caption\":\"Ines\"},\"sameAs\":[\"https:\/\/cpmimagazin.com\"],\"url\":\"https:\/\/cpmimagazin.com\/?author=1\"}]}<\/script>\n<!-- \/ Yoast SEO plugin. -->","yoast_head_json":{"title":"Conmemoran el D\u00eda Nacional de Libertad Religiosa. - Buenas noticias de Colombia","robots":{"index":"index","follow":"follow","max-snippet":"max-snippet:-1","max-image-preview":"max-image-preview:large","max-video-preview":"max-video-preview:-1"},"canonical":"https:\/\/cpmimagazin.com\/?p=1084","og_locale":"es_ES","og_type":"article","og_title":"Conmemoran el D\u00eda Nacional de Libertad Religiosa. - Buenas noticias de Colombia","og_description":"El 04 de julio de cada a\u00f1o, se reconoce como El D\u00eda de la Libertad Religiosa y de Culto, que fue estipulado en el decreto 1079 de 2016, con base &hellip;","og_url":"https:\/\/cpmimagazin.com\/?p=1084","og_site_name":"Buenas noticias de Colombia","article_published_time":"2025-07-05T03:17:28+00:00","article_modified_time":"2025-07-05T03:17:29+00:00","og_image":[{"width":1314,"height":739,"url":"https:\/\/cpmimagazin.com\/wp-content\/uploads\/2025\/07\/Anadir-un-titulo.jpg","type":"image\/jpeg"}],"author":"Ines","twitter_card":"summary_large_image","twitter_misc":{"Escrito por":"Ines","Tiempo de lectura":"2 minutos"},"schema":{"@context":"https:\/\/schema.org","@graph":[{"@type":"WebPage","@id":"https:\/\/cpmimagazin.com\/?p=1084","url":"https:\/\/cpmimagazin.com\/?p=1084","name":"Conmemoran el D\u00eda Nacional de Libertad Religiosa. - Buenas noticias de Colombia","isPartOf":{"@id":"https:\/\/cpmimagazin.com\/#website"},"primaryImageOfPage":{"@id":"https:\/\/cpmimagazin.com\/?p=1084#primaryimage"},"image":{"@id":"https:\/\/cpmimagazin.com\/?p=1084#primaryimage"},"thumbnailUrl":"https:\/\/cpmimagazin.com\/wp-content\/uploads\/2025\/07\/Anadir-un-titulo.jpg","datePublished":"2025-07-05T03:17:28+00:00","dateModified":"2025-07-05T03:17:29+00:00","author":{"@id":"https:\/\/cpmimagazin.com\/#\/schema\/person\/8b73e956994dc3114b861ce2e9ea62c8"},"breadcrumb":{"@id":"https:\/\/cpmimagazin.com\/?p=1084#breadcrumb"},"inLanguage":"es-CO","potentialAction":[{"@type":"ReadAction","target":["https:\/\/cpmimagazin.com\/?p=1084"]}]},{"@type":"ImageObject","inLanguage":"es-CO","@id":"https:\/\/cpmimagazin.com\/?p=1084#primaryimage","url":"https:\/\/cpmimagazin.com\/wp-content\/uploads\/2025\/07\/Anadir-un-titulo.jpg","contentUrl":"https:\/\/cpmimagazin.com\/wp-content\/uploads\/2025\/07\/Anadir-un-titulo.jpg","width":1314,"height":739},{"@type":"BreadcrumbList","@id":"https:\/\/cpmimagazin.com\/?p=1084#breadcrumb","itemListElement":[{"@type":"ListItem","position":1,"name":"Inicio","item":"https:\/\/cpmimagazin.com\/"},{"@type":"ListItem","position":2,"name":"Conmemoran el D\u00eda Nacional de Libertad Religiosa."}]},{"@type":"WebSite","@id":"https:\/\/cpmimagazin.com\/#website","url":"https:\/\/cpmimagazin.com\/","name":"Buenas noticias de Colombia","description":"Impulsamos historias que unen: juventud que inspira, adultos mayores que dejan huella. Descubre noticias, aprendizajes y el orgullo de nuestra gente, todo en \u201cMi Magazin\u201d. \u00a1S\u00e9 parte de una comunidad intergeneracional!","potentialAction":[{"@type":"SearchAction","target":{"@type":"EntryPoint","urlTemplate":"https:\/\/cpmimagazin.com\/?s={search_term_string}"},"query-input":{"@type":"PropertyValueSpecification","valueRequired":true,"valueName":"search_term_string"}}],"inLanguage":"es-CO"},{"@type":"Person","@id":"https:\/\/cpmimagazin.com\/#\/schema\/person\/8b73e956994dc3114b861ce2e9ea62c8","name":"Ines","image":{"@type":"ImageObject","inLanguage":"es-CO","@id":"https:\/\/cpmimagazin.com\/#\/schema\/person\/image\/","url":"https:\/\/secure.gravatar.com\/avatar\/d503d379e79ddcf53d45e12b964a724224aad794352599f500541027801754fc?s=96&d=mm&r=g","contentUrl":"https:\/\/secure.gravatar.com\/avatar\/d503d379e79ddcf53d45e12b964a724224aad794352599f500541027801754fc?s=96&d=mm&r=g","caption":"Ines"},"sameAs":["https:\/\/cpmimagazin.com"],"url":"https:\/\/cpmimagazin.com\/?author=1"}]}},"featured_image_urls":{"full":["https:\/\/cpmimagazin.com\/wp-content\/uploads\/2025\/07\/Anadir-un-titulo.jpg",1314,739,false],"thumbnail":["https:\/\/cpmimagazin.com\/wp-content\/uploads\/2025\/07\/Anadir-un-titulo-150x150.jpg",150,150,true],"medium":["https:\/\/cpmimagazin.com\/wp-content\/uploads\/2025\/07\/Anadir-un-titulo-300x169.jpg",300,169,true],"medium_large":["https:\/\/cpmimagazin.com\/wp-content\/uploads\/2025\/07\/Anadir-un-titulo-768x432.jpg",735,413,true],"large":["https:\/\/cpmimagazin.com\/wp-content\/uploads\/2025\/07\/Anadir-un-titulo-1024x576.jpg",735,413,true],"1536x1536":["https:\/\/cpmimagazin.com\/wp-content\/uploads\/2025\/07\/Anadir-un-titulo.jpg",1314,739,false],"2048x2048":["https:\/\/cpmimagazin.com\/wp-content\/uploads\/2025\/07\/Anadir-un-titulo.jpg",1314,739,false],"hitmag-landscape":["https:\/\/cpmimagazin.com\/wp-content\/uploads\/2025\/07\/Anadir-un-titulo-1120x450.jpg",1120,450,true],"hitmag-featured":["https:\/\/cpmimagazin.com\/wp-content\/uploads\/2025\/07\/Anadir-un-titulo-735x400.jpg",735,400,true],"hitmag-grid":["https:\/\/cpmimagazin.com\/wp-content\/uploads\/2025\/07\/Anadir-un-titulo-348x215.jpg",348,215,true],"hitmag-list":["https:\/\/cpmimagazin.com\/wp-content\/uploads\/2025\/07\/Anadir-un-titulo-290x220.jpg",290,220,true],"hitmag-thumbnail":["https:\/\/cpmimagazin.com\/wp-content\/uploads\/2025\/07\/Anadir-un-titulo-135x93.jpg",135,93,true]},"author_info":{"display_name":"Ines","author_link":"https:\/\/cpmimagazin.com\/?author=1"},"category_info":"<a href=\"https:\/\/cpmimagazin.com\/?cat=29\" rel=\"category\">BOGOT\u00c1<\/a> <a href=\"https:\/\/cpmimagazin.com\/?cat=31\" rel=\"category\">F\u00c9<\/a> <a href=\"https:\/\/cpmimagazin.com\/?cat=1\" rel=\"category\">NOTICIAS<\/a> <a href=\"https:\/\/cpmimagazin.com\/?cat=30\" rel=\"category\">REGI\u00d3N<\/a> <a href=\"https:\/\/cpmimagazin.com\/?cat=25\" rel=\"category\">TURISMO<\/a> <a href=\"https:\/\/cpmimagazin.com\/?cat=4\" rel=\"category\">VIDEOS<\/a>","tag_info":"VIDEOS","comment_count":"0","_links":{"self":[{"href":"https:\/\/cpmimagazin.com\/index.php?rest_route=\/wp\/v2\/posts\/1084","targetHints":{"allow":["GET"]}}],"collection":[{"href":"https:\/\/cpmimagazin.com\/index.php?rest_route=\/wp\/v2\/posts"}],"about":[{"href":"https:\/\/cpmimagazin.com\/index.php?rest_route=\/wp\/v2\/types\/post"}],"author":[{"embeddable":true,"href":"https:\/\/cpmimagazin.com\/index.php?rest_route=\/wp\/v2\/users\/1"}],"replies":[{"embeddable":true,"href":"https:\/\/cpmimagazin.com\/index.php?rest_route=%2Fwp%2Fv2%2Fcomments&post=1084"}],"version-history":[{"count":1,"href":"https:\/\/cpmimagazin.com\/index.php?rest_route=\/wp\/v2\/posts\/1084\/revisions"}],"predecessor-version":[{"id":1089,"href":"https:\/\/cpmimagazin.com\/index.php?rest_route=\/wp\/v2\/posts\/1084\/revisions\/1089"}],"wp:featuredmedia":[{"embeddable":true,"href":"https:\/\/cpmimagazin.com\/index.php?rest_route=\/wp\/v2\/media\/1087"}],"wp:attachment":[{"href":"https:\/\/cpmimagazin.com\/index.php?rest_route=%2Fwp%2Fv2%2Fmedia&parent=1084"}],"wp:term":[{"taxonomy":"category","embeddable":true,"href":"https:\/\/cpmimagazin.com\/index.php?rest_route=%2Fwp%2Fv2%2Fcategories&post=1084"},{"taxonomy":"post_tag","embeddable":true,"href":"https:\/\/cpmimagazin.com\/index.php?rest_route=%2Fwp%2Fv2%2Ftags&post=1084"}],"curies":[{"name":"wp","href":"https:\/\/api.w.org\/{rel}","templated":true}]}}