{"id":1097,"date":"2025-07-09T18:08:00","date_gmt":"2025-07-09T18:08:00","guid":{"rendered":"https:\/\/cpmimagazin.com\/?p=1097"},"modified":"2025-07-09T18:44:40","modified_gmt":"2025-07-09T18:44:40","slug":"mas-de-330-personas-recibieron-apoyo-medico-emocional-y-preventivo-tras-el-sismo-en-paratebueno-y-medina","status":"publish","type":"post","link":"https:\/\/cpmimagazin.com\/?p=1097","title":{"rendered":"M\u00e1s de 330 personas recibieron apoyo m\u00e9dico, emocional y preventivo tras el sismo en Paratebueno y Medina"},"content":{"rendered":"\n<figure class=\"wp-block-image size-full\"><img fetchpriority=\"high\" decoding=\"async\" width=\"800\" height=\"400\" src=\"https:\/\/cpmimagazin.com\/wp-content\/uploads\/2025\/07\/c2-1.jpg\" alt=\"\" class=\"wp-image-1099\" srcset=\"https:\/\/cpmimagazin.com\/wp-content\/uploads\/2025\/07\/c2-1.jpg 800w, https:\/\/cpmimagazin.com\/wp-content\/uploads\/2025\/07\/c2-1-300x150.jpg 300w, https:\/\/cpmimagazin.com\/wp-content\/uploads\/2025\/07\/c2-1-768x384.jpg 768w\" sizes=\"(max-width: 800px) 100vw, 800px\" \/><\/figure>\n\n\n\n<p><em>Tenciones m\u00e9dicas, vigilancia epidemiol\u00f3gica, apoyo psicosocial, control de vectores y saneamiento fueron desplegados en tiempo r\u00e9cord para proteger a las comunidades afectadas por el sismo del 8 de junio.<\/em><\/p>\n\n\n\n<p><strong>(Cundinamarca, julio 9 de 2025).&nbsp; &nbsp;<\/strong>M\u00e1s de 330 personas en Paratebueno y Medina recibieron atenci\u00f3n oportuna tras el sismo de magnitud 6.4 que se sinti\u00f3 el pasado 8 de junio. Desde ese mismo d\u00eda, los equipos de salud de Cundinamarca activaron una respuesta r\u00e1pida para cuidar la vida, la salud mental y el bienestar de las familias afectadas.<\/p>\n\n\n\n<p>En total, se atendieron 41 personas con lesiones o afectaciones f\u00edsicas: 36 por el sismo y 5 m\u00e1s por el vendaval que ocurri\u00f3 el 28 de junio en Paratebueno. De estas, solo dos requirieron ser llevadas a cl\u00ednicas especializadas, gracias a la atenci\u00f3n eficaz que brindaron los servicios locales.<\/p>\n\n\n\n<p>Adem\u00e1s, se gestionaron 36 remisiones m\u00e9dicas para casos m\u00e1s complejos, como fracturas, enfermedades cr\u00f3nicas, infecciones respiratorias y problemas card\u00edacos. Estas fueron tramitadas desde Paratebueno y Medina a hospitales en Bogot\u00e1, Villavicencio, C\u00e1queza y otros municipios cercanos.<\/p>\n\n\n\n<p>En los alojamientos temporales, se identificaron 103 familias que sumaban 337 personas. De ese total, 57 ten\u00edan alguna condici\u00f3n especial de salud, como enfermedades cr\u00f3nicas, embarazos o discapacidades. Esta informaci\u00f3n permiti\u00f3 priorizar su atenci\u00f3n y hacer un seguimiento constante.<\/p>\n\n\n\n<p>La caracterizaci\u00f3n casa por casa permiti\u00f3 priorizar a quienes m\u00e1s lo necesitaban. Saber qui\u00e9n requiere atenci\u00f3n urgente fue clave para evitar complicaciones y llevar tranquilidad a las familias.<\/p>\n\n\n\n<p>Uno de los grandes esfuerzos fue en salud mental. Psic\u00f3logos y profesionales del \u00e1rea acompa\u00f1aron a ni\u00f1os, mujeres, adultos mayores y familias enteras con charlas, talleres y apoyo emocional. Tambi\u00e9n ayudaron a quienes debieron dejar sus casas o enfrentaban momentos dif\u00edciles.<\/p>\n\n\n\n<p>Durante la emergencia, se presentaron dos situaciones que encendieron las alertas de salud p\u00fablica. Una fue un brote de enfermedad transmitida por alimentos, que afect\u00f3 a ocho personas por consumir un alimento donado. La otra, un brote respiratorio que enferm\u00f3 a 17 personas de una misma familia. Ambos casos fueron atendidos de inmediato, sin complicaciones graves.<\/p>\n\n\n\n<p>Para prevenir enfermedades como el dengue, zika o chikungunya, se fumigaron los albergues y m\u00e1s de 80 viviendas cercanas. Tambi\u00e9n se entregaron 320 toldillos impregnados con insecticida, especialmente a ni\u00f1os y personas mayores.<\/p>\n\n\n\n<p>Entre el 10 y el 24 de junio, se tomaron muestras del agua en los alojamientos y redes de distribuci\u00f3n para verificar su calidad. Adem\u00e1s, se inici\u00f3 un proceso de capacitaci\u00f3n con el SENA para los operadores de plantas de tratamiento, con el fin de fortalecer su labor durante emergencias.<\/p>\n\n\n\n<p>Los puntos de acopio y preparaci\u00f3n de alimentos tambi\u00e9n fueron visitados. All\u00ed se corrigieron detalles relacionados con el almacenamiento, la cadena de fr\u00edo y la disposici\u00f3n de residuos, asegurando condiciones seguras para las comunidades que dependen de estos espacios.<\/p>\n\n\n\n<p>Gracias al trabajo conjunto del personal de salud, los municipios, el Centro Regulador de Urgencias y Emergencias (CRUE) y la comunidad, se logr\u00f3 dar respuesta r\u00e1pida y efectiva a las necesidades m\u00e1s urgentes tras el sismo. La salud f\u00edsica, emocional y ambiental de las familias fue la prioridad.<\/p>\n\n\n\n<figure class=\"wp-block-image size-large\"><img decoding=\"async\" width=\"1024\" height=\"682\" src=\"https:\/\/cpmimagazin.com\/wp-content\/uploads\/2025\/07\/c3-1-1024x682.jpg\" alt=\"\" class=\"wp-image-1103\" srcset=\"https:\/\/cpmimagazin.com\/wp-content\/uploads\/2025\/07\/c3-1-1024x682.jpg 1024w, https:\/\/cpmimagazin.com\/wp-content\/uploads\/2025\/07\/c3-1-300x200.jpg 300w, https:\/\/cpmimagazin.com\/wp-content\/uploads\/2025\/07\/c3-1-768x512.jpg 768w, https:\/\/cpmimagazin.com\/wp-content\/uploads\/2025\/07\/c3-1.jpg 1280w\" sizes=\"(max-width: 1024px) 100vw, 1024px\" \/><\/figure>\n\n\n\n<figure class=\"wp-block-image size-large\"><img decoding=\"async\" width=\"1024\" height=\"682\" src=\"https:\/\/cpmimagazin.com\/wp-content\/uploads\/2025\/07\/c4-1-1024x682.jpg\" alt=\"\" class=\"wp-image-1105\" srcset=\"https:\/\/cpmimagazin.com\/wp-content\/uploads\/2025\/07\/c4-1-1024x682.jpg 1024w, https:\/\/cpmimagazin.com\/wp-content\/uploads\/2025\/07\/c4-1-300x200.jpg 300w, https:\/\/cpmimagazin.com\/wp-content\/uploads\/2025\/07\/c4-1-768x512.jpg 768w, https:\/\/cpmimagazin.com\/wp-content\/uploads\/2025\/07\/c4-1.jpg 1280w\" sizes=\"(max-width: 1024px) 100vw, 1024px\" \/><\/figure>\n","protected":false},"excerpt":{"rendered":"<p>Tenciones m\u00e9dicas, vigilancia epidemiol\u00f3gica, apoyo psicosocial, control de vectores y saneamiento fueron desplegados en tiempo r\u00e9cord para proteger a las comunidades afectadas por el sismo del 8 de junio. (Cundinamarca, &hellip; <\/p>\n","protected":false},"author":1,"featured_media":1098,"comment_status":"closed","ping_status":"closed","sticky":false,"template":"","format":"standard","meta":{"footnotes":""},"categories":[29,3,1,30,25],"tags":[],"class_list":["post-1097","post","type-post","status-publish","format-standard","has-post-thumbnail","hentry","category-bogota","category-columnas","category-noticias","category-region","category-turismo"],"yoast_head":"<!-- This site is optimized with the Yoast SEO plugin v24.8.1 - https:\/\/yoast.com\/wordpress\/plugins\/seo\/ -->\n<title>M\u00e1s de 330 personas recibieron apoyo m\u00e9dico, emocional y preventivo tras el sismo en Paratebueno y Medina - Buenas noticias de Colombia<\/title>\n<meta name=\"robots\" content=\"index, follow, max-snippet:-1, max-image-preview:large, max-video-preview:-1\" \/>\n<link rel=\"canonical\" href=\"https:\/\/cpmimagazin.com\/?p=1097\" \/>\n<meta property=\"og:locale\" content=\"es_ES\" \/>\n<meta property=\"og:type\" content=\"article\" \/>\n<meta property=\"og:title\" content=\"M\u00e1s de 330 personas recibieron apoyo m\u00e9dico, emocional y preventivo tras el sismo en Paratebueno y Medina - Buenas noticias de Colombia\" \/>\n<meta property=\"og:description\" content=\"Tenciones m\u00e9dicas, vigilancia epidemiol\u00f3gica, apoyo psicosocial, control de vectores y saneamiento fueron desplegados en tiempo r\u00e9cord para proteger a las comunidades afectadas por el sismo del 8 de junio. (Cundinamarca, &hellip;\" \/>\n<meta property=\"og:url\" content=\"https:\/\/cpmimagazin.com\/?p=1097\" \/>\n<meta property=\"og:site_name\" content=\"Buenas noticias de Colombia\" \/>\n<meta property=\"article:published_time\" content=\"2025-07-09T18:08:00+00:00\" \/>\n<meta property=\"article:modified_time\" content=\"2025-07-09T18:44:40+00:00\" \/>\n<meta property=\"og:image\" content=\"https:\/\/cpmimagazin.com\/wp-content\/uploads\/2025\/07\/c1-1.jpg\" \/>\n\t<meta property=\"og:image:width\" content=\"1280\" \/>\n\t<meta property=\"og:image:height\" content=\"964\" \/>\n\t<meta property=\"og:image:type\" content=\"image\/jpeg\" \/>\n<meta name=\"author\" content=\"Ines\" \/>\n<meta name=\"twitter:card\" content=\"summary_large_image\" \/>\n<meta name=\"twitter:label1\" content=\"Escrito por\" \/>\n\t<meta name=\"twitter:data1\" content=\"Ines\" \/>\n\t<meta name=\"twitter:label2\" content=\"Tiempo de lectura\" \/>\n\t<meta name=\"twitter:data2\" content=\"4 minutos\" \/>\n<script type=\"application\/ld+json\" class=\"yoast-schema-graph\">{\"@context\":\"https:\/\/schema.org\",\"@graph\":[{\"@type\":\"WebPage\",\"@id\":\"https:\/\/cpmimagazin.com\/?p=1097\",\"url\":\"https:\/\/cpmimagazin.com\/?p=1097\",\"name\":\"M\u00e1s de 330 personas recibieron apoyo m\u00e9dico, emocional y preventivo tras el sismo en Paratebueno y Medina - Buenas noticias de Colombia\",\"isPartOf\":{\"@id\":\"https:\/\/cpmimagazin.com\/#website\"},\"primaryImageOfPage\":{\"@id\":\"https:\/\/cpmimagazin.com\/?p=1097#primaryimage\"},\"image\":{\"@id\":\"https:\/\/cpmimagazin.com\/?p=1097#primaryimage\"},\"thumbnailUrl\":\"https:\/\/cpmimagazin.com\/wp-content\/uploads\/2025\/07\/c1-1.jpg\",\"datePublished\":\"2025-07-09T18:08:00+00:00\",\"dateModified\":\"2025-07-09T18:44:40+00:00\",\"author\":{\"@id\":\"https:\/\/cpmimagazin.com\/#\/schema\/person\/8b73e956994dc3114b861ce2e9ea62c8\"},\"breadcrumb\":{\"@id\":\"https:\/\/cpmimagazin.com\/?p=1097#breadcrumb\"},\"inLanguage\":\"es-CO\",\"potentialAction\":[{\"@type\":\"ReadAction\",\"target\":[\"https:\/\/cpmimagazin.com\/?p=1097\"]}]},{\"@type\":\"ImageObject\",\"inLanguage\":\"es-CO\",\"@id\":\"https:\/\/cpmimagazin.com\/?p=1097#primaryimage\",\"url\":\"https:\/\/cpmimagazin.com\/wp-content\/uploads\/2025\/07\/c1-1.jpg\",\"contentUrl\":\"https:\/\/cpmimagazin.com\/wp-content\/uploads\/2025\/07\/c1-1.jpg\",\"width\":1280,\"height\":964},{\"@type\":\"BreadcrumbList\",\"@id\":\"https:\/\/cpmimagazin.com\/?p=1097#breadcrumb\",\"itemListElement\":[{\"@type\":\"ListItem\",\"position\":1,\"name\":\"Inicio\",\"item\":\"https:\/\/cpmimagazin.com\/\"},{\"@type\":\"ListItem\",\"position\":2,\"name\":\"M\u00e1s de 330 personas recibieron apoyo m\u00e9dico, emocional y preventivo tras el sismo en Paratebueno y Medina\"}]},{\"@type\":\"WebSite\",\"@id\":\"https:\/\/cpmimagazin.com\/#website\",\"url\":\"https:\/\/cpmimagazin.com\/\",\"name\":\"Buenas noticias de Colombia\",\"description\":\"Impulsamos historias que unen: juventud que inspira, adultos mayores que dejan huella. Descubre noticias, aprendizajes y el orgullo de nuestra gente, todo en \u201cMi Magazin\u201d. \u00a1S\u00e9 parte de una comunidad intergeneracional!\",\"potentialAction\":[{\"@type\":\"SearchAction\",\"target\":{\"@type\":\"EntryPoint\",\"urlTemplate\":\"https:\/\/cpmimagazin.com\/?s={search_term_string}\"},\"query-input\":{\"@type\":\"PropertyValueSpecification\",\"valueRequired\":true,\"valueName\":\"search_term_string\"}}],\"inLanguage\":\"es-CO\"},{\"@type\":\"Person\",\"@id\":\"https:\/\/cpmimagazin.com\/#\/schema\/person\/8b73e956994dc3114b861ce2e9ea62c8\",\"name\":\"Ines\",\"image\":{\"@type\":\"ImageObject\",\"inLanguage\":\"es-CO\",\"@id\":\"https:\/\/cpmimagazin.com\/#\/schema\/person\/image\/\",\"url\":\"https:\/\/secure.gravatar.com\/avatar\/d503d379e79ddcf53d45e12b964a724224aad794352599f500541027801754fc?s=96&d=mm&r=g\",\"contentUrl\":\"https:\/\/secure.gravatar.com\/avatar\/d503d379e79ddcf53d45e12b964a724224aad794352599f500541027801754fc?s=96&d=mm&r=g\",\"caption\":\"Ines\"},\"sameAs\":[\"https:\/\/cpmimagazin.com\"],\"url\":\"https:\/\/cpmimagazin.com\/?author=1\"}]}<\/script>\n<!-- \/ Yoast SEO plugin. -->","yoast_head_json":{"title":"M\u00e1s de 330 personas recibieron apoyo m\u00e9dico, emocional y preventivo tras el sismo en Paratebueno y Medina - Buenas noticias de Colombia","robots":{"index":"index","follow":"follow","max-snippet":"max-snippet:-1","max-image-preview":"max-image-preview:large","max-video-preview":"max-video-preview:-1"},"canonical":"https:\/\/cpmimagazin.com\/?p=1097","og_locale":"es_ES","og_type":"article","og_title":"M\u00e1s de 330 personas recibieron apoyo m\u00e9dico, emocional y preventivo tras el sismo en Paratebueno y Medina - Buenas noticias de Colombia","og_description":"Tenciones m\u00e9dicas, vigilancia epidemiol\u00f3gica, apoyo psicosocial, control de vectores y saneamiento fueron desplegados en tiempo r\u00e9cord para proteger a las comunidades afectadas por el sismo del 8 de junio. (Cundinamarca, &hellip;","og_url":"https:\/\/cpmimagazin.com\/?p=1097","og_site_name":"Buenas noticias de Colombia","article_published_time":"2025-07-09T18:08:00+00:00","article_modified_time":"2025-07-09T18:44:40+00:00","og_image":[{"width":1280,"height":964,"url":"https:\/\/cpmimagazin.com\/wp-content\/uploads\/2025\/07\/c1-1.jpg","type":"image\/jpeg"}],"author":"Ines","twitter_card":"summary_large_image","twitter_misc":{"Escrito por":"Ines","Tiempo de lectura":"4 minutos"},"schema":{"@context":"https:\/\/schema.org","@graph":[{"@type":"WebPage","@id":"https:\/\/cpmimagazin.com\/?p=1097","url":"https:\/\/cpmimagazin.com\/?p=1097","name":"M\u00e1s de 330 personas recibieron apoyo m\u00e9dico, emocional y preventivo tras el sismo en Paratebueno y Medina - Buenas noticias de Colombia","isPartOf":{"@id":"https:\/\/cpmimagazin.com\/#website"},"primaryImageOfPage":{"@id":"https:\/\/cpmimagazin.com\/?p=1097#primaryimage"},"image":{"@id":"https:\/\/cpmimagazin.com\/?p=1097#primaryimage"},"thumbnailUrl":"https:\/\/cpmimagazin.com\/wp-content\/uploads\/2025\/07\/c1-1.jpg","datePublished":"2025-07-09T18:08:00+00:00","dateModified":"2025-07-09T18:44:40+00:00","author":{"@id":"https:\/\/cpmimagazin.com\/#\/schema\/person\/8b73e956994dc3114b861ce2e9ea62c8"},"breadcrumb":{"@id":"https:\/\/cpmimagazin.com\/?p=1097#breadcrumb"},"inLanguage":"es-CO","potentialAction":[{"@type":"ReadAction","target":["https:\/\/cpmimagazin.com\/?p=1097"]}]},{"@type":"ImageObject","inLanguage":"es-CO","@id":"https:\/\/cpmimagazin.com\/?p=1097#primaryimage","url":"https:\/\/cpmimagazin.com\/wp-content\/uploads\/2025\/07\/c1-1.jpg","contentUrl":"https:\/\/cpmimagazin.com\/wp-content\/uploads\/2025\/07\/c1-1.jpg","width":1280,"height":964},{"@type":"BreadcrumbList","@id":"https:\/\/cpmimagazin.com\/?p=1097#breadcrumb","itemListElement":[{"@type":"ListItem","position":1,"name":"Inicio","item":"https:\/\/cpmimagazin.com\/"},{"@type":"ListItem","position":2,"name":"M\u00e1s de 330 personas recibieron apoyo m\u00e9dico, emocional y preventivo tras el sismo en Paratebueno y Medina"}]},{"@type":"WebSite","@id":"https:\/\/cpmimagazin.com\/#website","url":"https:\/\/cpmimagazin.com\/","name":"Buenas noticias de Colombia","description":"Impulsamos historias que unen: juventud que inspira, adultos mayores que dejan huella. Descubre noticias, aprendizajes y el orgullo de nuestra gente, todo en \u201cMi Magazin\u201d. \u00a1S\u00e9 parte de una comunidad intergeneracional!","potentialAction":[{"@type":"SearchAction","target":{"@type":"EntryPoint","urlTemplate":"https:\/\/cpmimagazin.com\/?s={search_term_string}"},"query-input":{"@type":"PropertyValueSpecification","valueRequired":true,"valueName":"search_term_string"}}],"inLanguage":"es-CO"},{"@type":"Person","@id":"https:\/\/cpmimagazin.com\/#\/schema\/person\/8b73e956994dc3114b861ce2e9ea62c8","name":"Ines","image":{"@type":"ImageObject","inLanguage":"es-CO","@id":"https:\/\/cpmimagazin.com\/#\/schema\/person\/image\/","url":"https:\/\/secure.gravatar.com\/avatar\/d503d379e79ddcf53d45e12b964a724224aad794352599f500541027801754fc?s=96&d=mm&r=g","contentUrl":"https:\/\/secure.gravatar.com\/avatar\/d503d379e79ddcf53d45e12b964a724224aad794352599f500541027801754fc?s=96&d=mm&r=g","caption":"Ines"},"sameAs":["https:\/\/cpmimagazin.com"],"url":"https:\/\/cpmimagazin.com\/?author=1"}]}},"featured_image_urls":{"full":["https:\/\/cpmimagazin.com\/wp-content\/uploads\/2025\/07\/c1-1.jpg",1280,964,false],"thumbnail":["https:\/\/cpmimagazin.com\/wp-content\/uploads\/2025\/07\/c1-1-150x150.jpg",150,150,true],"medium":["https:\/\/cpmimagazin.com\/wp-content\/uploads\/2025\/07\/c1-1-300x226.jpg",300,226,true],"medium_large":["https:\/\/cpmimagazin.com\/wp-content\/uploads\/2025\/07\/c1-1-768x578.jpg",735,553,true],"large":["https:\/\/cpmimagazin.com\/wp-content\/uploads\/2025\/07\/c1-1-1024x771.jpg",735,553,true],"1536x1536":["https:\/\/cpmimagazin.com\/wp-content\/uploads\/2025\/07\/c1-1.jpg",1280,964,false],"2048x2048":["https:\/\/cpmimagazin.com\/wp-content\/uploads\/2025\/07\/c1-1.jpg",1280,964,false],"hitmag-landscape":["https:\/\/cpmimagazin.com\/wp-content\/uploads\/2025\/07\/c1-1-1120x450.jpg",1120,450,true],"hitmag-featured":["https:\/\/cpmimagazin.com\/wp-content\/uploads\/2025\/07\/c1-1-735x400.jpg",735,400,true],"hitmag-grid":["https:\/\/cpmimagazin.com\/wp-content\/uploads\/2025\/07\/c1-1-348x215.jpg",348,215,true],"hitmag-list":["https:\/\/cpmimagazin.com\/wp-content\/uploads\/2025\/07\/c1-1-290x220.jpg",290,220,true],"hitmag-thumbnail":["https:\/\/cpmimagazin.com\/wp-content\/uploads\/2025\/07\/c1-1-135x93.jpg",135,93,true]},"author_info":{"display_name":"Ines","author_link":"https:\/\/cpmimagazin.com\/?author=1"},"category_info":"<a href=\"https:\/\/cpmimagazin.com\/?cat=29\" rel=\"category\">BOGOT\u00c1<\/a> <a href=\"https:\/\/cpmimagazin.com\/?cat=3\" rel=\"category\">COLUMNAS DE OPINI\u00d3N<\/a> <a href=\"https:\/\/cpmimagazin.com\/?cat=1\" rel=\"category\">NOTICIAS<\/a> <a href=\"https:\/\/cpmimagazin.com\/?cat=30\" rel=\"category\">REGI\u00d3N<\/a> <a href=\"https:\/\/cpmimagazin.com\/?cat=25\" rel=\"category\">TURISMO<\/a>","tag_info":"TURISMO","comment_count":"0","_links":{"self":[{"href":"https:\/\/cpmimagazin.com\/index.php?rest_route=\/wp\/v2\/posts\/1097","targetHints":{"allow":["GET"]}}],"collection":[{"href":"https:\/\/cpmimagazin.com\/index.php?rest_route=\/wp\/v2\/posts"}],"about":[{"href":"https:\/\/cpmimagazin.com\/index.php?rest_route=\/wp\/v2\/types\/post"}],"author":[{"embeddable":true,"href":"https:\/\/cpmimagazin.com\/index.php?rest_route=\/wp\/v2\/users\/1"}],"replies":[{"embeddable":true,"href":"https:\/\/cpmimagazin.com\/index.php?rest_route=%2Fwp%2Fv2%2Fcomments&post=1097"}],"version-history":[{"count":3,"href":"https:\/\/cpmimagazin.com\/index.php?rest_route=\/wp\/v2\/posts\/1097\/revisions"}],"predecessor-version":[{"id":1106,"href":"https:\/\/cpmimagazin.com\/index.php?rest_route=\/wp\/v2\/posts\/1097\/revisions\/1106"}],"wp:featuredmedia":[{"embeddable":true,"href":"https:\/\/cpmimagazin.com\/index.php?rest_route=\/wp\/v2\/media\/1098"}],"wp:attachment":[{"href":"https:\/\/cpmimagazin.com\/index.php?rest_route=%2Fwp%2Fv2%2Fmedia&parent=1097"}],"wp:term":[{"taxonomy":"category","embeddable":true,"href":"https:\/\/cpmimagazin.com\/index.php?rest_route=%2Fwp%2Fv2%2Fcategories&post=1097"},{"taxonomy":"post_tag","embeddable":true,"href":"https:\/\/cpmimagazin.com\/index.php?rest_route=%2Fwp%2Fv2%2Ftags&post=1097"}],"curies":[{"name":"wp","href":"https:\/\/api.w.org\/{rel}","templated":true}]}}