{"id":1259,"date":"2025-09-09T21:23:15","date_gmt":"2025-09-09T21:23:15","guid":{"rendered":"https:\/\/cpmimagazin.com\/?p=1259"},"modified":"2025-09-09T21:23:16","modified_gmt":"2025-09-09T21:23:16","slug":"egan-bernal-gana-etapa-16-de-la-vuelta-en-dramatico-final-cortado-por-protestas","status":"publish","type":"post","link":"https:\/\/cpmimagazin.com\/?p=1259","title":{"rendered":"Egan Bernal gana etapa 16 de la Vuelta en dram\u00e1tico final cortado por protestas"},"content":{"rendered":"\n<figure class=\"wp-block-embed is-type-rich is-provider-gestor-del-servicio wp-block-embed-gestor-del-servicio wp-embed-aspect-16-9 wp-has-aspect-ratio\"><div class=\"wp-block-embed__wrapper\">\n<iframe title=\"Egan Bernal gana etapa 16 de la Vuelta en dram\u00e1tico final cortado por protestas\" width=\"735\" height=\"413\" src=\"https:\/\/www.youtube.com\/embed\/9oRk0Dvx2OU?feature=oembed\" frameborder=\"0\" allow=\"accelerometer; autoplay; clipboard-write; encrypted-media; gyroscope; picture-in-picture; web-share\" referrerpolicy=\"strict-origin-when-cross-origin\" allowfullscreen><\/iframe>\n<\/div><\/figure>\n\n\n\n<p>\u201cHoy, la Vuelta a Espa\u00f1a vivi\u00f3 un momento \u00e9pico: Egan Bernal regres\u00f3 con fuerza y gan\u00f3 la etapa 16\u2026 \u00a1en circunstancias inesperadas!\u201d La etapa fue en Galicia, de Poio a Mos, con varios ascensos. Pero fue acortada por protestas pro-palestinas, que bloquearon la ruta cerca del final Bernal se escap\u00f3 en un grupo de 17 ciclistas, junto a nombres como Mikel Landa y otros. Luego la organizaci\u00f3n anunci\u00f3, por radio, que el final se mov\u00eda 8 km antes debido a las protestas Bernal gan\u00f3 el sprint frente a Landa, logrando su primera victoria en una Gran Vuelta desde su grave accidente en 2022. Es de recordar que : fue su primera victoria en una Grande desde su accidente que casi lo deja fuera del mundo del ciclismo, y su primera victoria en la Vuelta a Espa\u00f1a. El ganador del Tour de Francia y el Giro de Italia, demostr\u00f3 que est\u00e1 de vuelta, con la garra y coraje que lo caracterizan.\u201d Si te gust\u00f3, suscr\u00edbete y activa la campanita y as\u00ed recibir\u00e1s de primera mano lo que m\u00e1s te gusta ver y escuchar<\/p>\n","protected":false},"excerpt":{"rendered":"<p>\u201cHoy, la Vuelta a Espa\u00f1a vivi\u00f3 un momento \u00e9pico: Egan Bernal regres\u00f3 con fuerza y gan\u00f3 la etapa 16\u2026 \u00a1en circunstancias inesperadas!\u201d La etapa fue en Galicia, de Poio a &hellip; <\/p>\n","protected":false},"author":1,"featured_media":1261,"comment_status":"closed","ping_status":"closed","sticky":false,"template":"","format":"standard","meta":{"footnotes":""},"categories":[28,1,30,25,4],"tags":[],"class_list":["post-1259","post","type-post","status-publish","format-standard","has-post-thumbnail","hentry","category-internacional","category-noticias","category-region","category-turismo","category-you-tube"],"yoast_head":"<!-- This site is optimized with the Yoast SEO plugin v24.8.1 - https:\/\/yoast.com\/wordpress\/plugins\/seo\/ -->\n<title>Egan Bernal gana etapa 16 de la Vuelta en dram\u00e1tico final cortado por protestas - Buenas noticias de Colombia<\/title>\n<meta name=\"robots\" content=\"index, follow, max-snippet:-1, max-image-preview:large, max-video-preview:-1\" \/>\n<link rel=\"canonical\" href=\"https:\/\/cpmimagazin.com\/?p=1259\" \/>\n<meta property=\"og:locale\" content=\"es_ES\" \/>\n<meta property=\"og:type\" content=\"article\" \/>\n<meta property=\"og:title\" content=\"Egan Bernal gana etapa 16 de la Vuelta en dram\u00e1tico final cortado por protestas - Buenas noticias de Colombia\" \/>\n<meta property=\"og:description\" content=\"\u201cHoy, la Vuelta a Espa\u00f1a vivi\u00f3 un momento \u00e9pico: Egan Bernal regres\u00f3 con fuerza y gan\u00f3 la etapa 16\u2026 \u00a1en circunstancias inesperadas!\u201d La etapa fue en Galicia, de Poio a &hellip;\" \/>\n<meta property=\"og:url\" content=\"https:\/\/cpmimagazin.com\/?p=1259\" \/>\n<meta property=\"og:site_name\" content=\"Buenas noticias de Colombia\" \/>\n<meta property=\"article:published_time\" content=\"2025-09-09T21:23:15+00:00\" \/>\n<meta property=\"article:modified_time\" content=\"2025-09-09T21:23:16+00:00\" \/>\n<meta property=\"og:image\" content=\"https:\/\/cpmimagazin.com\/wp-content\/uploads\/2025\/09\/Egan-Garra-y-Coraje.jpg\" \/>\n\t<meta property=\"og:image:width\" content=\"1280\" \/>\n\t<meta property=\"og:image:height\" content=\"720\" \/>\n\t<meta property=\"og:image:type\" content=\"image\/jpeg\" \/>\n<meta name=\"author\" content=\"Ines\" \/>\n<meta name=\"twitter:card\" content=\"summary_large_image\" \/>\n<meta name=\"twitter:label1\" content=\"Escrito por\" \/>\n\t<meta name=\"twitter:data1\" content=\"Ines\" \/>\n\t<meta name=\"twitter:label2\" content=\"Tiempo de lectura\" \/>\n\t<meta name=\"twitter:data2\" content=\"2 minutos\" \/>\n<script type=\"application\/ld+json\" class=\"yoast-schema-graph\">{\"@context\":\"https:\/\/schema.org\",\"@graph\":[{\"@type\":\"WebPage\",\"@id\":\"https:\/\/cpmimagazin.com\/?p=1259\",\"url\":\"https:\/\/cpmimagazin.com\/?p=1259\",\"name\":\"Egan Bernal gana etapa 16 de la Vuelta en dram\u00e1tico final cortado por protestas - Buenas noticias de Colombia\",\"isPartOf\":{\"@id\":\"https:\/\/cpmimagazin.com\/#website\"},\"primaryImageOfPage\":{\"@id\":\"https:\/\/cpmimagazin.com\/?p=1259#primaryimage\"},\"image\":{\"@id\":\"https:\/\/cpmimagazin.com\/?p=1259#primaryimage\"},\"thumbnailUrl\":\"https:\/\/cpmimagazin.com\/wp-content\/uploads\/2025\/09\/Egan-Garra-y-Coraje.jpg\",\"datePublished\":\"2025-09-09T21:23:15+00:00\",\"dateModified\":\"2025-09-09T21:23:16+00:00\",\"author\":{\"@id\":\"https:\/\/cpmimagazin.com\/#\/schema\/person\/8b73e956994dc3114b861ce2e9ea62c8\"},\"breadcrumb\":{\"@id\":\"https:\/\/cpmimagazin.com\/?p=1259#breadcrumb\"},\"inLanguage\":\"es-CO\",\"potentialAction\":[{\"@type\":\"ReadAction\",\"target\":[\"https:\/\/cpmimagazin.com\/?p=1259\"]}]},{\"@type\":\"ImageObject\",\"inLanguage\":\"es-CO\",\"@id\":\"https:\/\/cpmimagazin.com\/?p=1259#primaryimage\",\"url\":\"https:\/\/cpmimagazin.com\/wp-content\/uploads\/2025\/09\/Egan-Garra-y-Coraje.jpg\",\"contentUrl\":\"https:\/\/cpmimagazin.com\/wp-content\/uploads\/2025\/09\/Egan-Garra-y-Coraje.jpg\",\"width\":1280,\"height\":720},{\"@type\":\"BreadcrumbList\",\"@id\":\"https:\/\/cpmimagazin.com\/?p=1259#breadcrumb\",\"itemListElement\":[{\"@type\":\"ListItem\",\"position\":1,\"name\":\"Inicio\",\"item\":\"https:\/\/cpmimagazin.com\/\"},{\"@type\":\"ListItem\",\"position\":2,\"name\":\"Egan Bernal gana etapa 16 de la Vuelta en dram\u00e1tico final cortado por protestas\"}]},{\"@type\":\"WebSite\",\"@id\":\"https:\/\/cpmimagazin.com\/#website\",\"url\":\"https:\/\/cpmimagazin.com\/\",\"name\":\"Buenas noticias de Colombia\",\"description\":\"Impulsamos historias que unen: juventud que inspira, adultos mayores que dejan huella. Descubre noticias, aprendizajes y el orgullo de nuestra gente, todo en \u201cMi Magazin\u201d. \u00a1S\u00e9 parte de una comunidad intergeneracional!\",\"potentialAction\":[{\"@type\":\"SearchAction\",\"target\":{\"@type\":\"EntryPoint\",\"urlTemplate\":\"https:\/\/cpmimagazin.com\/?s={search_term_string}\"},\"query-input\":{\"@type\":\"PropertyValueSpecification\",\"valueRequired\":true,\"valueName\":\"search_term_string\"}}],\"inLanguage\":\"es-CO\"},{\"@type\":\"Person\",\"@id\":\"https:\/\/cpmimagazin.com\/#\/schema\/person\/8b73e956994dc3114b861ce2e9ea62c8\",\"name\":\"Ines\",\"image\":{\"@type\":\"ImageObject\",\"inLanguage\":\"es-CO\",\"@id\":\"https:\/\/cpmimagazin.com\/#\/schema\/person\/image\/\",\"url\":\"https:\/\/secure.gravatar.com\/avatar\/d503d379e79ddcf53d45e12b964a724224aad794352599f500541027801754fc?s=96&d=mm&r=g\",\"contentUrl\":\"https:\/\/secure.gravatar.com\/avatar\/d503d379e79ddcf53d45e12b964a724224aad794352599f500541027801754fc?s=96&d=mm&r=g\",\"caption\":\"Ines\"},\"sameAs\":[\"https:\/\/cpmimagazin.com\"],\"url\":\"https:\/\/cpmimagazin.com\/?author=1\"}]}<\/script>\n<!-- \/ Yoast SEO plugin. -->","yoast_head_json":{"title":"Egan Bernal gana etapa 16 de la Vuelta en dram\u00e1tico final cortado por protestas - Buenas noticias de Colombia","robots":{"index":"index","follow":"follow","max-snippet":"max-snippet:-1","max-image-preview":"max-image-preview:large","max-video-preview":"max-video-preview:-1"},"canonical":"https:\/\/cpmimagazin.com\/?p=1259","og_locale":"es_ES","og_type":"article","og_title":"Egan Bernal gana etapa 16 de la Vuelta en dram\u00e1tico final cortado por protestas - Buenas noticias de Colombia","og_description":"\u201cHoy, la Vuelta a Espa\u00f1a vivi\u00f3 un momento \u00e9pico: Egan Bernal regres\u00f3 con fuerza y gan\u00f3 la etapa 16\u2026 \u00a1en circunstancias inesperadas!\u201d La etapa fue en Galicia, de Poio a &hellip;","og_url":"https:\/\/cpmimagazin.com\/?p=1259","og_site_name":"Buenas noticias de Colombia","article_published_time":"2025-09-09T21:23:15+00:00","article_modified_time":"2025-09-09T21:23:16+00:00","og_image":[{"width":1280,"height":720,"url":"https:\/\/cpmimagazin.com\/wp-content\/uploads\/2025\/09\/Egan-Garra-y-Coraje.jpg","type":"image\/jpeg"}],"author":"Ines","twitter_card":"summary_large_image","twitter_misc":{"Escrito por":"Ines","Tiempo de lectura":"2 minutos"},"schema":{"@context":"https:\/\/schema.org","@graph":[{"@type":"WebPage","@id":"https:\/\/cpmimagazin.com\/?p=1259","url":"https:\/\/cpmimagazin.com\/?p=1259","name":"Egan Bernal gana etapa 16 de la Vuelta en dram\u00e1tico final cortado por protestas - Buenas noticias de Colombia","isPartOf":{"@id":"https:\/\/cpmimagazin.com\/#website"},"primaryImageOfPage":{"@id":"https:\/\/cpmimagazin.com\/?p=1259#primaryimage"},"image":{"@id":"https:\/\/cpmimagazin.com\/?p=1259#primaryimage"},"thumbnailUrl":"https:\/\/cpmimagazin.com\/wp-content\/uploads\/2025\/09\/Egan-Garra-y-Coraje.jpg","datePublished":"2025-09-09T21:23:15+00:00","dateModified":"2025-09-09T21:23:16+00:00","author":{"@id":"https:\/\/cpmimagazin.com\/#\/schema\/person\/8b73e956994dc3114b861ce2e9ea62c8"},"breadcrumb":{"@id":"https:\/\/cpmimagazin.com\/?p=1259#breadcrumb"},"inLanguage":"es-CO","potentialAction":[{"@type":"ReadAction","target":["https:\/\/cpmimagazin.com\/?p=1259"]}]},{"@type":"ImageObject","inLanguage":"es-CO","@id":"https:\/\/cpmimagazin.com\/?p=1259#primaryimage","url":"https:\/\/cpmimagazin.com\/wp-content\/uploads\/2025\/09\/Egan-Garra-y-Coraje.jpg","contentUrl":"https:\/\/cpmimagazin.com\/wp-content\/uploads\/2025\/09\/Egan-Garra-y-Coraje.jpg","width":1280,"height":720},{"@type":"BreadcrumbList","@id":"https:\/\/cpmimagazin.com\/?p=1259#breadcrumb","itemListElement":[{"@type":"ListItem","position":1,"name":"Inicio","item":"https:\/\/cpmimagazin.com\/"},{"@type":"ListItem","position":2,"name":"Egan Bernal gana etapa 16 de la Vuelta en dram\u00e1tico final cortado por protestas"}]},{"@type":"WebSite","@id":"https:\/\/cpmimagazin.com\/#website","url":"https:\/\/cpmimagazin.com\/","name":"Buenas noticias de Colombia","description":"Impulsamos historias que unen: juventud que inspira, adultos mayores que dejan huella. Descubre noticias, aprendizajes y el orgullo de nuestra gente, todo en \u201cMi Magazin\u201d. \u00a1S\u00e9 parte de una comunidad intergeneracional!","potentialAction":[{"@type":"SearchAction","target":{"@type":"EntryPoint","urlTemplate":"https:\/\/cpmimagazin.com\/?s={search_term_string}"},"query-input":{"@type":"PropertyValueSpecification","valueRequired":true,"valueName":"search_term_string"}}],"inLanguage":"es-CO"},{"@type":"Person","@id":"https:\/\/cpmimagazin.com\/#\/schema\/person\/8b73e956994dc3114b861ce2e9ea62c8","name":"Ines","image":{"@type":"ImageObject","inLanguage":"es-CO","@id":"https:\/\/cpmimagazin.com\/#\/schema\/person\/image\/","url":"https:\/\/secure.gravatar.com\/avatar\/d503d379e79ddcf53d45e12b964a724224aad794352599f500541027801754fc?s=96&d=mm&r=g","contentUrl":"https:\/\/secure.gravatar.com\/avatar\/d503d379e79ddcf53d45e12b964a724224aad794352599f500541027801754fc?s=96&d=mm&r=g","caption":"Ines"},"sameAs":["https:\/\/cpmimagazin.com"],"url":"https:\/\/cpmimagazin.com\/?author=1"}]}},"featured_image_urls":{"full":["https:\/\/cpmimagazin.com\/wp-content\/uploads\/2025\/09\/Egan-Garra-y-Coraje.jpg",1280,720,false],"thumbnail":["https:\/\/cpmimagazin.com\/wp-content\/uploads\/2025\/09\/Egan-Garra-y-Coraje-150x150.jpg",150,150,true],"medium":["https:\/\/cpmimagazin.com\/wp-content\/uploads\/2025\/09\/Egan-Garra-y-Coraje-300x169.jpg",300,169,true],"medium_large":["https:\/\/cpmimagazin.com\/wp-content\/uploads\/2025\/09\/Egan-Garra-y-Coraje-768x432.jpg",735,413,true],"large":["https:\/\/cpmimagazin.com\/wp-content\/uploads\/2025\/09\/Egan-Garra-y-Coraje-1024x576.jpg",735,413,true],"1536x1536":["https:\/\/cpmimagazin.com\/wp-content\/uploads\/2025\/09\/Egan-Garra-y-Coraje.jpg",1280,720,false],"2048x2048":["https:\/\/cpmimagazin.com\/wp-content\/uploads\/2025\/09\/Egan-Garra-y-Coraje.jpg",1280,720,false],"hitmag-landscape":["https:\/\/cpmimagazin.com\/wp-content\/uploads\/2025\/09\/Egan-Garra-y-Coraje-1120x450.jpg",1120,450,true],"hitmag-featured":["https:\/\/cpmimagazin.com\/wp-content\/uploads\/2025\/09\/Egan-Garra-y-Coraje-735x400.jpg",735,400,true],"hitmag-grid":["https:\/\/cpmimagazin.com\/wp-content\/uploads\/2025\/09\/Egan-Garra-y-Coraje-348x215.jpg",348,215,true],"hitmag-list":["https:\/\/cpmimagazin.com\/wp-content\/uploads\/2025\/09\/Egan-Garra-y-Coraje-290x220.jpg",290,220,true],"hitmag-thumbnail":["https:\/\/cpmimagazin.com\/wp-content\/uploads\/2025\/09\/Egan-Garra-y-Coraje-135x93.jpg",135,93,true]},"author_info":{"display_name":"Ines","author_link":"https:\/\/cpmimagazin.com\/?author=1"},"category_info":"<a href=\"https:\/\/cpmimagazin.com\/?cat=28\" rel=\"category\">INTERNACIONAL<\/a> <a href=\"https:\/\/cpmimagazin.com\/?cat=1\" rel=\"category\">NOTICIAS<\/a> <a href=\"https:\/\/cpmimagazin.com\/?cat=30\" rel=\"category\">REGI\u00d3N<\/a> <a href=\"https:\/\/cpmimagazin.com\/?cat=25\" rel=\"category\">TURISMO<\/a> <a href=\"https:\/\/cpmimagazin.com\/?cat=4\" rel=\"category\">VIDEOS<\/a>","tag_info":"VIDEOS","comment_count":"0","_links":{"self":[{"href":"https:\/\/cpmimagazin.com\/index.php?rest_route=\/wp\/v2\/posts\/1259","targetHints":{"allow":["GET"]}}],"collection":[{"href":"https:\/\/cpmimagazin.com\/index.php?rest_route=\/wp\/v2\/posts"}],"about":[{"href":"https:\/\/cpmimagazin.com\/index.php?rest_route=\/wp\/v2\/types\/post"}],"author":[{"embeddable":true,"href":"https:\/\/cpmimagazin.com\/index.php?rest_route=\/wp\/v2\/users\/1"}],"replies":[{"embeddable":true,"href":"https:\/\/cpmimagazin.com\/index.php?rest_route=%2Fwp%2Fv2%2Fcomments&post=1259"}],"version-history":[{"count":1,"href":"https:\/\/cpmimagazin.com\/index.php?rest_route=\/wp\/v2\/posts\/1259\/revisions"}],"predecessor-version":[{"id":1262,"href":"https:\/\/cpmimagazin.com\/index.php?rest_route=\/wp\/v2\/posts\/1259\/revisions\/1262"}],"wp:featuredmedia":[{"embeddable":true,"href":"https:\/\/cpmimagazin.com\/index.php?rest_route=\/wp\/v2\/media\/1261"}],"wp:attachment":[{"href":"https:\/\/cpmimagazin.com\/index.php?rest_route=%2Fwp%2Fv2%2Fmedia&parent=1259"}],"wp:term":[{"taxonomy":"category","embeddable":true,"href":"https:\/\/cpmimagazin.com\/index.php?rest_route=%2Fwp%2Fv2%2Fcategories&post=1259"},{"taxonomy":"post_tag","embeddable":true,"href":"https:\/\/cpmimagazin.com\/index.php?rest_route=%2Fwp%2Fv2%2Ftags&post=1259"}],"curies":[{"name":"wp","href":"https:\/\/api.w.org\/{rel}","templated":true}]}}