{"id":1316,"date":"2025-10-02T21:06:44","date_gmt":"2025-10-02T21:06:44","guid":{"rendered":"https:\/\/cpmimagazin.com\/?p=1316"},"modified":"2025-10-02T21:06:45","modified_gmt":"2025-10-02T21:06:45","slug":"bogota-celebra-la-semana-de-la-cultura-ciudadana","status":"publish","type":"post","link":"https:\/\/cpmimagazin.com\/?p=1316","title":{"rendered":"Bogot\u00e1 celebra la Semana de la Cultura Ciudadana"},"content":{"rendered":"\n<p><strong>Bogot\u00e1 celebra la Semana de la Cultura Ciudadana, un llamado a la corresponsabilidad y la acci\u00f3n colectiva para transformar a la ciudad<\/strong><\/p>\n\n\n\n<figure class=\"wp-block-embed is-type-rich is-provider-gestor-del-servicio wp-block-embed-gestor-del-servicio wp-embed-aspect-16-9 wp-has-aspect-ratio\"><div class=\"wp-block-embed__wrapper\">\n<iframe title=\"Lleg\u00f3 la Semana de la Cultura Ciudadana 2025\" width=\"735\" height=\"413\" src=\"https:\/\/www.youtube.com\/embed\/116Cng5Knao?feature=oembed\" frameborder=\"0\" allow=\"accelerometer; autoplay; clipboard-write; encrypted-media; gyroscope; picture-in-picture; web-share\" referrerpolicy=\"strict-origin-when-cross-origin\" allowfullscreen><\/iframe>\n<\/div><\/figure>\n\n\n\n<p>v<strong><em>Del 3 al 9 de octubre, Bogot\u00e1 vivir\u00e1 la Semana de la Cultura Ciudadana 2025,\u00a0<\/em><\/strong><em>una apuesta de la Administraci\u00f3n Distrital en cabeza del Alcalde Mayor, Carlos Fernando Gal\u00e1n, a trav\u00e9s de la Secretar\u00eda de Cultura, Recreaci\u00f3n y Deporte, que busca generar espacios de reflexi\u00f3n y transformaci\u00f3n cultural en temas estrat\u00e9gicos para la ciudad.\u00a0<\/em><\/p>\n\n\n\n<p><strong><em>Bajo el lema \u201cSomos parte de la soluci\u00f3n\u201d,\u00a0<\/em><\/strong><em>el eje central de este a\u00f1o ser\u00e1 la corresponsabilidad y la acci\u00f3n colectiva, principios que invitan a la ciudadan\u00eda, a las instituciones y a los distintos sectores a reconocer que el cuidado de Bogot\u00e1 es una tarea compartida.<\/em><\/p>\n\n\n\n<p><em>La programaci\u00f3n abordar\u00e1 temas estrat\u00e9gicos para la transformaci\u00f3n cultural de Bogot\u00e1, como la\u00a0<strong>eliminaci\u00f3n del machismo y la discriminaci\u00f3n, la gesti\u00f3n responsable de residuos, la promoci\u00f3n de la cultura ambiental, la construcci\u00f3n de una movilidad sostenible y segura,<\/strong>\u00a0as\u00ed como la generaci\u00f3n de alianzas entre el sector p\u00fablico y el sector privado para fortalecer la cultura ciudadana y la corresponsabilidad.<\/em><\/p>\n\n\n\n<figure class=\"wp-block-image size-large\"><img fetchpriority=\"high\" decoding=\"async\" width=\"1024\" height=\"683\" src=\"https:\/\/cpmimagazin.com\/wp-content\/uploads\/2025\/10\/074A8445-1024x683.jpg\" alt=\"\" class=\"wp-image-1319\" srcset=\"https:\/\/cpmimagazin.com\/wp-content\/uploads\/2025\/10\/074A8445-1024x683.jpg 1024w, https:\/\/cpmimagazin.com\/wp-content\/uploads\/2025\/10\/074A8445-300x200.jpg 300w, https:\/\/cpmimagazin.com\/wp-content\/uploads\/2025\/10\/074A8445-768x512.jpg 768w, https:\/\/cpmimagazin.com\/wp-content\/uploads\/2025\/10\/074A8445-1536x1024.jpg 1536w, https:\/\/cpmimagazin.com\/wp-content\/uploads\/2025\/10\/074A8445.jpg 2048w\" sizes=\"(max-width: 1024px) 100vw, 1024px\" \/><\/figure>\n\n\n\n<p><strong>Del 3 al 9 de octubre, Bogot\u00e1 vivir\u00e1 una nueva edici\u00f3n de la Semana de la Cultura Ciudadana,<\/strong>&nbsp;una agenda impulsada por la Secretar\u00eda de Cultura, Recreaci\u00f3n y Deporte, en cumplimiento del Acuerdo 705 de 2018 del Concejo de Bogot\u00e1. Esta iniciativa busca reconocer, visibilizar y fortalecer los comportamientos, actitudes y normas sociales que promueven la convivencia, la corresponsabilidad y el sentido de pertenencia en la ciudad.<\/p>\n\n\n\n<p><strong>La Semana de la Cultura Ciudadana 2025 \u201cSomos parte de la soluci\u00f3n\u201d tiene como eje central la corresponsabilidad y la acci\u00f3n colectiva<\/strong>, entendidas como principios fundamentales para avanzar hacia una Bogot\u00e1 m\u00e1s solidaria, respetuosa y consciente. Durante siete d\u00edas, la ciudadan\u00eda, las instituciones y distintos sectores se encontrar\u00e1n en espacios de di\u00e1logo, arte, cultura, reflexi\u00f3n y acci\u00f3n para reafirmar que el cuidado de la ciudad es una tarea compartida.<\/p>\n\n\n\n<figure class=\"wp-block-image size-large\"><img decoding=\"async\" width=\"1024\" height=\"683\" src=\"https:\/\/cpmimagazin.com\/wp-content\/uploads\/2025\/10\/074A6504-1-1024x683.jpg\" alt=\"\" class=\"wp-image-1320\" srcset=\"https:\/\/cpmimagazin.com\/wp-content\/uploads\/2025\/10\/074A6504-1-1024x683.jpg 1024w, https:\/\/cpmimagazin.com\/wp-content\/uploads\/2025\/10\/074A6504-1-300x200.jpg 300w, https:\/\/cpmimagazin.com\/wp-content\/uploads\/2025\/10\/074A6504-1-768x512.jpg 768w, https:\/\/cpmimagazin.com\/wp-content\/uploads\/2025\/10\/074A6504-1-1536x1024.jpg 1536w, https:\/\/cpmimagazin.com\/wp-content\/uploads\/2025\/10\/074A6504-1.jpg 2048w\" sizes=\"(max-width: 1024px) 100vw, 1024px\" \/><\/figure>\n\n\n\n<p>La Semana de la Cultura Ciudadana pone sobre la mesa temas clave para el presente y futuro de Bogot\u00e1: desde la eliminaci\u00f3n del machismo con la gran final de Verso Diverso 2025 como un escenario propicio para conversar sobre las transformaciones culturales al rededor de la erradicaci\u00f3n del machismo y la discriminaci\u00f3n; hasta la gesti\u00f3n responsable de los residuos y la promoci\u00f3n de la cultura ambiental; la construcci\u00f3n de una movilidad sostenible y segura,<strong>&nbsp;y la creaci\u00f3n de alianzas entre los sectores p\u00fablico y privado que fortalezcan la confianza y la corresponsabilidad ciudadana.<\/strong><\/p>\n\n\n\n<p><em>\u201cEsta Semana ser\u00e1 un gran foro abierto en el que Bogot\u00e1 se mira a s\u00ed misma y decide c\u00f3mo quiere transformarse. Queremos que la ciudadan\u00eda, las instituciones y el sector privado se reconozcan como corresponsables en la construcci\u00f3n de una ciudad m\u00e1s justa, incluyente y sostenible, donde erradicar el machismo, cuidar el ambiente, manejar bien los residuos y promover una movilidad respetuosa sean compromisos compartidos\u201d,&nbsp;<\/em>afirm\u00f3 Santiago Trujillo, Secretario de Cultura, Recreaci\u00f3n y Deporte de Bogot\u00e1.<\/p>\n\n\n\n<figure class=\"wp-block-image size-large\"><img decoding=\"async\" width=\"1024\" height=\"683\" src=\"https:\/\/cpmimagazin.com\/wp-content\/uploads\/2025\/10\/074A6448-1024x683.jpg\" alt=\"\" class=\"wp-image-1321\" srcset=\"https:\/\/cpmimagazin.com\/wp-content\/uploads\/2025\/10\/074A6448-1024x683.jpg 1024w, https:\/\/cpmimagazin.com\/wp-content\/uploads\/2025\/10\/074A6448-300x200.jpg 300w, https:\/\/cpmimagazin.com\/wp-content\/uploads\/2025\/10\/074A6448-768x512.jpg 768w, https:\/\/cpmimagazin.com\/wp-content\/uploads\/2025\/10\/074A6448-1536x1024.jpg 1536w, https:\/\/cpmimagazin.com\/wp-content\/uploads\/2025\/10\/074A6448.jpg 2048w\" sizes=\"(max-width: 1024px) 100vw, 1024px\" \/><\/figure>\n\n\n\n<p><strong>La Semana ser\u00e1 tambi\u00e9n un espacio para reconocer y visibilizar las iniciativas ciudadanas que ya est\u00e1n transformando la experiencia y calidad de vida de los barrios y localidades de la ciudad,\u00a0<\/strong>generando confianza entre las comunidades y fortaleciendo el tejido social. Cada actividad busca dejar capacidades instaladas, aprendizajes compartidos y compromisos colectivos que trascienden los siete d\u00edas de agenda, consolidando as\u00ed una Bogot\u00e1 corresponsable, incluyente y consciente del valor de lo com\u00fan.<\/p>\n\n\n\n<figure class=\"wp-block-image size-large\"><img loading=\"lazy\" decoding=\"async\" width=\"1024\" height=\"683\" src=\"https:\/\/cpmimagazin.com\/wp-content\/uploads\/2025\/10\/074A1456-1024x683.jpg\" alt=\"\" class=\"wp-image-1322\" srcset=\"https:\/\/cpmimagazin.com\/wp-content\/uploads\/2025\/10\/074A1456-1024x683.jpg 1024w, https:\/\/cpmimagazin.com\/wp-content\/uploads\/2025\/10\/074A1456-300x200.jpg 300w, https:\/\/cpmimagazin.com\/wp-content\/uploads\/2025\/10\/074A1456-768x512.jpg 768w, https:\/\/cpmimagazin.com\/wp-content\/uploads\/2025\/10\/074A1456-1536x1024.jpg 1536w, https:\/\/cpmimagazin.com\/wp-content\/uploads\/2025\/10\/074A1456.jpg 2048w\" sizes=\"(max-width: 1024px) 100vw, 1024px\" \/><\/figure>\n\n\n\n<p><strong>Una agenda para toda la ciudad<\/strong><\/p>\n\n\n\n<p>La programaci\u00f3n de la Semana de la Cultura Ciudadana 2025 est\u00e1 dise\u00f1ada para llegar a m\u00faltiples p\u00fablicos y territorios, con actividades que combinan pedagog\u00eda, arte, di\u00e1logo y apropiaci\u00f3n del espacio p\u00fablico.<\/p>\n\n\n\n<p><strong>Viernes 3 de octubre<\/strong><\/p>\n\n\n\n<ul class=\"wp-block-list\">\n<li><strong><a href=\"https:\/\/masivo.scrd.gov.co\/c\/0v790yd\/mafvq0pd\/lwzgrnlfehi\" target=\"_blank\" rel=\"noreferrer noopener\">Final Circuito de Freestyle Verso DiVerso<\/a><\/strong><\/li>\n<\/ul>\n\n\n\n<p>Una apuesta por la transformaci\u00f3n cultural del machismo a trav\u00e9s del freestyle y la improvisaci\u00f3n. Este evento hace parte del as acciones de la estrategia Bogot\u00e1 Libre de Machismo, dise\u00f1ada para impulsar transformaciones culturales que contribuyan a prevenir violencias basadas en g\u00e9nero y promover la redistribuci\u00f3n equitativa de los cuidados con enfoque de cultura ciudadana y de g\u00e9nero bajo la apuesta de involucrar a los hombres en la promoci\u00f3n de masculinidades corresponsables y no violentas.<\/p>\n\n\n\n<p>Media Torta de Bogot\u00e1 &#8211; Calle 18 #1 -05 Este&nbsp;<\/p>\n\n\n\n<p>1:00 p.m.<\/p>\n\n\n\n<p>Entrada libre hasta completar aforo.<\/p>\n\n\n\n<p><strong>S\u00e1bado 4 de octubre<\/strong><\/p>\n\n\n\n<ul class=\"wp-block-list\">\n<li><strong>\u00a1La marichuela renace con Barrios Vivos!<\/strong><\/li>\n<\/ul>\n\n\n\n<p>En el marco de la estrategia Barrios Vivos celebraremos el hito del Laboratorio de Transformaci\u00f3n Cultural de La Marichuela, en Usme. Despu\u00e9s de un proceso de creaci\u00f3n colectiva entre instituciones y habitantes realizaremos foros, talleres e intervenciones en el espacio p\u00fablico para mejorar la gesti\u00f3n de residuos y recuperar puntos cr\u00edticos de arrojo<\/p>\n\n\n\n<p>Plazoleta La Marichuela &#8211; Dg. 76b Sur #1c-40.<\/p>\n\n\n\n<p>8:00 a.m. a 5:00 p.m.&nbsp;<\/p>\n\n\n\n<p>Entrada libre.<\/p>\n\n\n\n<p><strong>S\u00e1bado 4 de octubre<\/strong><\/p>\n\n\n\n<ul class=\"wp-block-list\">\n<li><strong>Fritanga Fest\u00a0<\/strong><\/li>\n<\/ul>\n\n\n\n<p>En el marco de la estrategia distrital Sabor Bogot\u00e1, que busca promover el orgullo de ciudad a trav\u00e9s de la cultura gastron\u00f3mica, tendremos el conversatorio \u2018Fritanguer\u00edas de tradici\u00f3n\u2019 para reflexionar sobre la identidad, la comida y la cultura bogotana reflejado en uno de los platos m\u00e1s ic\u00f3nicos de nuestra mesa: la fritanga, adem\u00e1s, conversaremos sobre las estrategias de Bogot\u00e1 para convertirse en capital gastron\u00f3mica de Am\u00e9rica Latina.<\/p>\n\n\n\n<figure class=\"wp-block-image size-large\"><img loading=\"lazy\" decoding=\"async\" width=\"1024\" height=\"683\" src=\"https:\/\/cpmimagazin.com\/wp-content\/uploads\/2025\/10\/074A0315-1024x683.jpg\" alt=\"\" class=\"wp-image-1323\" srcset=\"https:\/\/cpmimagazin.com\/wp-content\/uploads\/2025\/10\/074A0315-1024x683.jpg 1024w, https:\/\/cpmimagazin.com\/wp-content\/uploads\/2025\/10\/074A0315-300x200.jpg 300w, https:\/\/cpmimagazin.com\/wp-content\/uploads\/2025\/10\/074A0315-768x512.jpg 768w, https:\/\/cpmimagazin.com\/wp-content\/uploads\/2025\/10\/074A0315-1536x1024.jpg 1536w, https:\/\/cpmimagazin.com\/wp-content\/uploads\/2025\/10\/074A0315.jpg 2048w\" sizes=\"(max-width: 1024px) 100vw, 1024px\" \/><\/figure>\n\n\n\n<p>Plaza Distrital de Mercado La Concordia &#8211; Calle 12C #1 &#8211; 40<\/p>\n\n\n\n<p>10:00 a.m. a 6:00 p.m.<\/p>\n\n\n\n<p>Conversatorios 10:00 a.m. y 1:00 p.m.<\/p>\n\n\n\n<p>Entrada libre.<\/p>\n\n\n\n<p>Adem\u00e1s, nos uniremos a esta fiesta gastron\u00f3mica que ser\u00e1 una oportunidad para que la ciudadan\u00eda pruebe los platos de los restaurantes y chefs participantes, y vote por su plato de fritanga favorito, en la convocatoria de est\u00edmulos de Sabor Bogot\u00e1.<\/p>\n\n\n\n<p><strong>Domingo 5 de octubre<\/strong><\/p>\n\n\n\n<ul class=\"wp-block-list\">\n<li><strong>Conversaciones interactivas: Hablemos de Bogot\u00e1 en la Ciclov\u00eda\u00a0<\/strong><\/li>\n<\/ul>\n\n\n\n<p>Las Conversaciones interactivas son escenarios de encuentro ciudadano que, a trav\u00e9s de dispositivos l\u00fadicos de di\u00e1logo sobre datos en el espacio p\u00fablico, buscan detonar conversaciones poderosas y cercanas con las personas. En la Ciclov\u00eda de la S\u00e9ptima conversaremos sobre diferentes datos de la cultura de Bogot\u00e1 y c\u00f3mo la cultura es un elemento clave cuando pensamos en los grandes desaf\u00edos y retos de la ciudad.&nbsp;<\/p>\n\n\n\n<p>Ciclov\u00eda Carrera S\u00e9ptima&nbsp;<\/p>\n\n\n\n<p>10:00 a.m. a 12 m.&nbsp;<\/p>\n\n\n\n<p>Entrada libre.<\/p>\n\n\n\n<ul class=\"wp-block-list\">\n<li><strong>Conversaciones interactivas: Hablemos de Orgullo en Salsa al Parque<\/strong><\/li>\n<\/ul>\n\n\n\n<p>Las Conversaciones interactivas son escenarios de encuentro ciudadano que, a trav\u00e9s de dispositivos l\u00fadicos de di\u00e1logo sobre datos en el espacio p\u00fablico, buscan detonar conversaciones poderosas y cercanas con las personas. En Salsa al Parque&nbsp; la invitaci\u00f3n ser\u00e1 a que \u201cHablemos de Orgullo\u201d. Qu\u00e9 lugares de Bogot\u00e1 nos hacen sentir mas orgullo por nuestra ciudad, c\u00f3mo gestionamos nuestros residuos, c\u00f3mo nos movemos por la ciudad, en d\u00f3nde escuchamos m\u00fasica en vivo, ser\u00e1n algunas de las preguntas que invitar\u00e1n a los asistentes al festival a conversar como se vive y se siente la ciudad, convirti\u00e9ndolos en experiencias participativas que fortalecen el sentido de pertenencia, la confianza y la construcci\u00f3n colectiva de ciudad.<\/p>\n\n\n\n<p>Parque Sim\u00f3n Bol\u00edvar<\/p>\n\n\n\n<p>2:00 p.m. a 5.30 p.m.&nbsp;<\/p>\n\n\n\n<p>Entrada libre.&nbsp;&nbsp;<\/p>\n\n\n\n<p><strong>Lunes 6 de octubre<\/strong><\/p>\n\n\n\n<ul class=\"wp-block-list\">\n<li><strong>Domo de meditaci\u00f3n\u00a0<\/strong><\/li>\n<\/ul>\n\n\n\n<p>En el marco de las acciones de Estar Bien Bogot\u00e1, y como parte de las apuestas de la estrategia Bogot\u00e1 Cultura M\u00e1s Consciente, la ciudadan\u00eda podr\u00e1 disfrutar de un espacio de meditaci\u00f3n, calma y bienestar, un momento para reflexionar sobre nuevas formas de habitar la ciudad a trav\u00e9s del cuerpo, la mente y las emociones.<\/p>\n\n\n\n<p>Centro Comercial el Eden &#8211; Av Boyac\u00e1 con Calle 12<\/p>\n\n\n\n<p>10:00 a.m. a 5:00 p.m.&nbsp;<\/p>\n\n\n\n<p>Entrada libre.&nbsp;<\/p>\n\n\n\n<p><strong>Martes 7 de octubre&nbsp;<\/strong><\/p>\n\n\n\n<ul class=\"wp-block-list\">\n<li><strong>En TransMi pasan cosas buenas cuando hacemos equipo<\/strong><\/li>\n<\/ul>\n\n\n\n<p>Una intervenci\u00f3n pedag\u00f3gica en la que ni\u00f1as y ni\u00f1os podr\u00e1n generar apropiaci\u00f3n y orgullo por TransMilenio. Una apuesta que vincula a la primera infancia con la promoci\u00f3n de comportamientos de cuidado y respeto por el sistema de transporte de la ciudad.<\/p>\n\n\n\n<p>Jard\u00edn Infantil Funtalentum- Carrera 20 Sur #24-88<\/p>\n\n\n\n<p>7:00 a.m. a 11:30 a.m.<\/p>\n\n\n\n<p>Entrada libre.&nbsp;<\/p>\n\n\n\n<p>Mi\u00e9rcoles 8 de octubre&nbsp;<\/p>\n\n\n\n<ul class=\"wp-block-list\">\n<li><strong>Mesa Intersectorial de Cultura Ciudadana<\/strong><\/li>\n<\/ul>\n\n\n\n<p>Representantes de todas las entidades del Distrito socializar\u00e1n los avances en el cumplimiento de la Pol\u00edtica P\u00fablica de Cultura Ciudadana para establecer compromisos y articulaciones en temas como: gesti\u00f3n de residuos, apropiaci\u00f3n del Metro y cuidado del espacio p\u00fablico.<\/p>\n\n\n\n<p>Evento privado.&nbsp;<\/p>\n\n\n\n<ul class=\"wp-block-list\">\n<li><strong>En la ducha #TresMinutosSonSuficientes\u00a0<\/strong><\/li>\n<\/ul>\n\n\n\n<p>Un espacio para generar reflexiones sobre la importancia del cuidado del agua a trav\u00e9s del cambio de h\u00e1bitos cotidianos. La ciudadan\u00eda podr\u00e1 interactuar con un dispositivo que plantea una conversaci\u00f3n sobre cu\u00e1nta agua gastamos por cada minuto que permanecemos en la ducha.<\/p>\n\n\n\n<p>Frente a Bulevar Niza &#8211; Suba.<\/p>\n\n\n\n<p>9:00 a.m. a 12 m<\/p>\n\n\n\n<p><strong>Jueves 9 de octubre<\/strong><\/p>\n\n\n\n<ul class=\"wp-block-list\">\n<li><strong>Encuentro con empresarios y representantes del sector privado<\/strong><\/li>\n<\/ul>\n\n\n\n<p>La Administraci\u00f3n Distrital, a trav\u00e9s de la Red de Aliados de Cultura Ciudadana, se reunir\u00e1 con representantes del sector privado, gremios y empresas para establecer alianzas estrat\u00e9gicas y un plan de trabajo conjunto que permita robustecer dicha red y consolidar acciones contundentes en favor de la corresponsabilidad y la acci\u00f3n colectiva por Bogot\u00e1.<\/p>\n\n\n\n<p>Evento privado.&nbsp;<\/p>\n\n\n\n<ul class=\"wp-block-list\">\n<li><strong>Conversatorio: Nuevas perspectivas de la Cultura Ciudadana en Bogot\u00e1<\/strong><\/li>\n<\/ul>\n\n\n\n<p>Un espacio para reconocer los profundos cambios que ha vivido la ciudad en los \u00faltimos a\u00f1os y, a partir de ellos, abrir un di\u00e1logo sobre el aporte de la cultura ciudadana al abordaje de sus retos asociados. La conversaci\u00f3n pondr\u00e1 en el centro la necesidad de fortalecer el modelo de cultura ciudadana en Bogot\u00e1, identificando qu\u00e9 aspectos y aprendizajes deben mantenerse como parte de la identidad y el legado de Bogot\u00e1, y cu\u00e1les nuevos elementos, enfoques y perspectivas es necesario incorporar para responder a los retos actuales. Ser\u00e1 una oportunidad para reflexionar colectivamente sobre c\u00f3mo la transformaci\u00f3n social, cultural, tecnol\u00f3gica y urbana exige una cultura ciudadana renovada, capaz de fortalecer la confianza, el orgullo, la convivencia y el bienestar, en la ciudad de hoy y del futuro.<\/p>\n\n\n\n<p>Centro Felicidad Chapinero &#8211; Calle 82 #10 &#8211; 69<\/p>\n\n\n\n<p>10:00 a.m. a 12 m&nbsp;<\/p>\n\n\n\n<p>Evento privado<\/p>\n\n\n\n<ul class=\"wp-block-list\">\n<li><strong>Conversatorio. Motociclistas y cultura ciudadana: una ruta compartida<\/strong><\/li>\n<\/ul>\n\n\n\n<p>Un espacio para intercambiar ideas sobre la cultura vial en Bogot\u00e1, y el papel de las y los motociclistas en los procesos de transformaci\u00f3n comportamental para mejorar la corresponsabilidad en las v\u00edas.<\/p>\n\n\n\n<p>Centro Felicidad Chapinero &#8211; Calle 82 #10 &#8211; 69<\/p>\n\n\n\n<p>2:00 p.m. a 4:00 p.m.&nbsp;<\/p>\n\n\n\n<p>Entrada libre.<\/p>\n\n\n\n<ul class=\"wp-block-list\">\n<li><strong>Feria Gastron\u00f3mica: Recetas para la Bogotaneidad\u00a0<\/strong><\/li>\n<\/ul>\n\n\n\n<p>Las y los participantes de la convocatoria de est\u00edmulos de Sabor Bogot\u00e1, que no tienen restaurantes o cocinas abiertas al p\u00fablico, participar\u00e1n en una feria en la que la ciudadan\u00eda podr\u00e1 probar y votar por su plato favorito. Esta fase de participaci\u00f3n ciudadana, que se viene desarrollando desde agosto, es el paso preliminar para seleccionar a las y los ganadores.<\/p>\n\n\n\n<p>Plazoleta 97 con 15<\/p>\n\n\n\n<p>12:00 m. a 6:00 p.m.<\/p>\n\n\n\n<p>Entrada libre.<\/p>\n\n\n\n<ul class=\"wp-block-list\">\n<li><strong>Conversatorio \u2018Recetas para la Bogotaneidad\u2019<\/strong><\/li>\n<\/ul>\n\n\n\n<p>Un espacio para intercambiar ideas sobre c\u00f3mo promover el orgullo, la corresponsabilidad y la acci\u00f3n colectiva por Bogot\u00e1. Este ser\u00e1 un encuentro de voces, pensamientos y propuestas para seguir transformando a la ciudad.<\/p>\n\n\n\n<p>Plazoleta 97 con 15<\/p>\n\n\n\n<p>4:00 p.m. a 5:00 p.m.&nbsp;<\/p>\n\n\n\n<p>Entrada Libre<\/p>\n","protected":false},"excerpt":{"rendered":"<p>Bogot\u00e1 celebra la Semana de la Cultura Ciudadana, un llamado a la corresponsabilidad y la acci\u00f3n colectiva para transformar a la ciudad vDel 3 al 9 de octubre, Bogot\u00e1 vivir\u00e1 &hellip; <\/p>\n","protected":false},"author":1,"featured_media":1321,"comment_status":"closed","ping_status":"closed","sticky":false,"template":"","format":"standard","meta":{"footnotes":""},"categories":[29,28,1,30,25,4],"tags":[],"class_list":["post-1316","post","type-post","status-publish","format-standard","has-post-thumbnail","hentry","category-bogota","category-internacional","category-noticias","category-region","category-turismo","category-you-tube"],"yoast_head":"<!-- This site is optimized with the Yoast SEO plugin v24.8.1 - https:\/\/yoast.com\/wordpress\/plugins\/seo\/ -->\n<title>Bogot\u00e1 celebra la Semana de la Cultura Ciudadana - Buenas noticias de Colombia<\/title>\n<meta name=\"robots\" content=\"index, follow, max-snippet:-1, max-image-preview:large, max-video-preview:-1\" \/>\n<link rel=\"canonical\" href=\"https:\/\/cpmimagazin.com\/?p=1316\" \/>\n<meta property=\"og:locale\" content=\"es_ES\" \/>\n<meta property=\"og:type\" content=\"article\" \/>\n<meta property=\"og:title\" content=\"Bogot\u00e1 celebra la Semana de la Cultura Ciudadana - Buenas noticias de Colombia\" \/>\n<meta property=\"og:description\" content=\"Bogot\u00e1 celebra la Semana de la Cultura Ciudadana, un llamado a la corresponsabilidad y la acci\u00f3n colectiva para transformar a la ciudad vDel 3 al 9 de octubre, Bogot\u00e1 vivir\u00e1 &hellip;\" \/>\n<meta property=\"og:url\" content=\"https:\/\/cpmimagazin.com\/?p=1316\" \/>\n<meta property=\"og:site_name\" content=\"Buenas noticias de Colombia\" \/>\n<meta property=\"article:published_time\" content=\"2025-10-02T21:06:44+00:00\" \/>\n<meta property=\"article:modified_time\" content=\"2025-10-02T21:06:45+00:00\" \/>\n<meta property=\"og:image\" content=\"https:\/\/cpmimagazin.com\/wp-content\/uploads\/2025\/10\/074A6448.jpg\" \/>\n\t<meta property=\"og:image:width\" content=\"2048\" \/>\n\t<meta property=\"og:image:height\" content=\"1365\" \/>\n\t<meta property=\"og:image:type\" content=\"image\/jpeg\" \/>\n<meta name=\"author\" content=\"Ines\" \/>\n<meta name=\"twitter:card\" content=\"summary_large_image\" \/>\n<meta name=\"twitter:label1\" content=\"Escrito por\" \/>\n\t<meta name=\"twitter:data1\" content=\"Ines\" \/>\n\t<meta name=\"twitter:label2\" content=\"Tiempo de lectura\" \/>\n\t<meta name=\"twitter:data2\" content=\"10 minutos\" \/>\n<script type=\"application\/ld+json\" class=\"yoast-schema-graph\">{\"@context\":\"https:\/\/schema.org\",\"@graph\":[{\"@type\":\"WebPage\",\"@id\":\"https:\/\/cpmimagazin.com\/?p=1316\",\"url\":\"https:\/\/cpmimagazin.com\/?p=1316\",\"name\":\"Bogot\u00e1 celebra la Semana de la Cultura Ciudadana - Buenas noticias de Colombia\",\"isPartOf\":{\"@id\":\"https:\/\/cpmimagazin.com\/#website\"},\"primaryImageOfPage\":{\"@id\":\"https:\/\/cpmimagazin.com\/?p=1316#primaryimage\"},\"image\":{\"@id\":\"https:\/\/cpmimagazin.com\/?p=1316#primaryimage\"},\"thumbnailUrl\":\"https:\/\/cpmimagazin.com\/wp-content\/uploads\/2025\/10\/074A6448.jpg\",\"datePublished\":\"2025-10-02T21:06:44+00:00\",\"dateModified\":\"2025-10-02T21:06:45+00:00\",\"author\":{\"@id\":\"https:\/\/cpmimagazin.com\/#\/schema\/person\/8b73e956994dc3114b861ce2e9ea62c8\"},\"breadcrumb\":{\"@id\":\"https:\/\/cpmimagazin.com\/?p=1316#breadcrumb\"},\"inLanguage\":\"es-CO\",\"potentialAction\":[{\"@type\":\"ReadAction\",\"target\":[\"https:\/\/cpmimagazin.com\/?p=1316\"]}]},{\"@type\":\"ImageObject\",\"inLanguage\":\"es-CO\",\"@id\":\"https:\/\/cpmimagazin.com\/?p=1316#primaryimage\",\"url\":\"https:\/\/cpmimagazin.com\/wp-content\/uploads\/2025\/10\/074A6448.jpg\",\"contentUrl\":\"https:\/\/cpmimagazin.com\/wp-content\/uploads\/2025\/10\/074A6448.jpg\",\"width\":2048,\"height\":1365},{\"@type\":\"BreadcrumbList\",\"@id\":\"https:\/\/cpmimagazin.com\/?p=1316#breadcrumb\",\"itemListElement\":[{\"@type\":\"ListItem\",\"position\":1,\"name\":\"Inicio\",\"item\":\"https:\/\/cpmimagazin.com\/\"},{\"@type\":\"ListItem\",\"position\":2,\"name\":\"Bogot\u00e1 celebra la Semana de la Cultura Ciudadana\"}]},{\"@type\":\"WebSite\",\"@id\":\"https:\/\/cpmimagazin.com\/#website\",\"url\":\"https:\/\/cpmimagazin.com\/\",\"name\":\"Buenas noticias de Colombia\",\"description\":\"Impulsamos historias que unen: juventud que inspira, adultos mayores que dejan huella. Descubre noticias, aprendizajes y el orgullo de nuestra gente, todo en \u201cMi Magazin\u201d. \u00a1S\u00e9 parte de una comunidad intergeneracional!\",\"potentialAction\":[{\"@type\":\"SearchAction\",\"target\":{\"@type\":\"EntryPoint\",\"urlTemplate\":\"https:\/\/cpmimagazin.com\/?s={search_term_string}\"},\"query-input\":{\"@type\":\"PropertyValueSpecification\",\"valueRequired\":true,\"valueName\":\"search_term_string\"}}],\"inLanguage\":\"es-CO\"},{\"@type\":\"Person\",\"@id\":\"https:\/\/cpmimagazin.com\/#\/schema\/person\/8b73e956994dc3114b861ce2e9ea62c8\",\"name\":\"Ines\",\"image\":{\"@type\":\"ImageObject\",\"inLanguage\":\"es-CO\",\"@id\":\"https:\/\/cpmimagazin.com\/#\/schema\/person\/image\/\",\"url\":\"https:\/\/secure.gravatar.com\/avatar\/d503d379e79ddcf53d45e12b964a724224aad794352599f500541027801754fc?s=96&d=mm&r=g\",\"contentUrl\":\"https:\/\/secure.gravatar.com\/avatar\/d503d379e79ddcf53d45e12b964a724224aad794352599f500541027801754fc?s=96&d=mm&r=g\",\"caption\":\"Ines\"},\"sameAs\":[\"https:\/\/cpmimagazin.com\"],\"url\":\"https:\/\/cpmimagazin.com\/?author=1\"}]}<\/script>\n<!-- \/ Yoast SEO plugin. -->","yoast_head_json":{"title":"Bogot\u00e1 celebra la Semana de la Cultura Ciudadana - Buenas noticias de Colombia","robots":{"index":"index","follow":"follow","max-snippet":"max-snippet:-1","max-image-preview":"max-image-preview:large","max-video-preview":"max-video-preview:-1"},"canonical":"https:\/\/cpmimagazin.com\/?p=1316","og_locale":"es_ES","og_type":"article","og_title":"Bogot\u00e1 celebra la Semana de la Cultura Ciudadana - Buenas noticias de Colombia","og_description":"Bogot\u00e1 celebra la Semana de la Cultura Ciudadana, un llamado a la corresponsabilidad y la acci\u00f3n colectiva para transformar a la ciudad vDel 3 al 9 de octubre, Bogot\u00e1 vivir\u00e1 &hellip;","og_url":"https:\/\/cpmimagazin.com\/?p=1316","og_site_name":"Buenas noticias de Colombia","article_published_time":"2025-10-02T21:06:44+00:00","article_modified_time":"2025-10-02T21:06:45+00:00","og_image":[{"width":2048,"height":1365,"url":"https:\/\/cpmimagazin.com\/wp-content\/uploads\/2025\/10\/074A6448.jpg","type":"image\/jpeg"}],"author":"Ines","twitter_card":"summary_large_image","twitter_misc":{"Escrito por":"Ines","Tiempo de lectura":"10 minutos"},"schema":{"@context":"https:\/\/schema.org","@graph":[{"@type":"WebPage","@id":"https:\/\/cpmimagazin.com\/?p=1316","url":"https:\/\/cpmimagazin.com\/?p=1316","name":"Bogot\u00e1 celebra la Semana de la Cultura Ciudadana - Buenas noticias de Colombia","isPartOf":{"@id":"https:\/\/cpmimagazin.com\/#website"},"primaryImageOfPage":{"@id":"https:\/\/cpmimagazin.com\/?p=1316#primaryimage"},"image":{"@id":"https:\/\/cpmimagazin.com\/?p=1316#primaryimage"},"thumbnailUrl":"https:\/\/cpmimagazin.com\/wp-content\/uploads\/2025\/10\/074A6448.jpg","datePublished":"2025-10-02T21:06:44+00:00","dateModified":"2025-10-02T21:06:45+00:00","author":{"@id":"https:\/\/cpmimagazin.com\/#\/schema\/person\/8b73e956994dc3114b861ce2e9ea62c8"},"breadcrumb":{"@id":"https:\/\/cpmimagazin.com\/?p=1316#breadcrumb"},"inLanguage":"es-CO","potentialAction":[{"@type":"ReadAction","target":["https:\/\/cpmimagazin.com\/?p=1316"]}]},{"@type":"ImageObject","inLanguage":"es-CO","@id":"https:\/\/cpmimagazin.com\/?p=1316#primaryimage","url":"https:\/\/cpmimagazin.com\/wp-content\/uploads\/2025\/10\/074A6448.jpg","contentUrl":"https:\/\/cpmimagazin.com\/wp-content\/uploads\/2025\/10\/074A6448.jpg","width":2048,"height":1365},{"@type":"BreadcrumbList","@id":"https:\/\/cpmimagazin.com\/?p=1316#breadcrumb","itemListElement":[{"@type":"ListItem","position":1,"name":"Inicio","item":"https:\/\/cpmimagazin.com\/"},{"@type":"ListItem","position":2,"name":"Bogot\u00e1 celebra la Semana de la Cultura Ciudadana"}]},{"@type":"WebSite","@id":"https:\/\/cpmimagazin.com\/#website","url":"https:\/\/cpmimagazin.com\/","name":"Buenas noticias de Colombia","description":"Impulsamos historias que unen: juventud que inspira, adultos mayores que dejan huella. Descubre noticias, aprendizajes y el orgullo de nuestra gente, todo en \u201cMi Magazin\u201d. \u00a1S\u00e9 parte de una comunidad intergeneracional!","potentialAction":[{"@type":"SearchAction","target":{"@type":"EntryPoint","urlTemplate":"https:\/\/cpmimagazin.com\/?s={search_term_string}"},"query-input":{"@type":"PropertyValueSpecification","valueRequired":true,"valueName":"search_term_string"}}],"inLanguage":"es-CO"},{"@type":"Person","@id":"https:\/\/cpmimagazin.com\/#\/schema\/person\/8b73e956994dc3114b861ce2e9ea62c8","name":"Ines","image":{"@type":"ImageObject","inLanguage":"es-CO","@id":"https:\/\/cpmimagazin.com\/#\/schema\/person\/image\/","url":"https:\/\/secure.gravatar.com\/avatar\/d503d379e79ddcf53d45e12b964a724224aad794352599f500541027801754fc?s=96&d=mm&r=g","contentUrl":"https:\/\/secure.gravatar.com\/avatar\/d503d379e79ddcf53d45e12b964a724224aad794352599f500541027801754fc?s=96&d=mm&r=g","caption":"Ines"},"sameAs":["https:\/\/cpmimagazin.com"],"url":"https:\/\/cpmimagazin.com\/?author=1"}]}},"featured_image_urls":{"full":["https:\/\/cpmimagazin.com\/wp-content\/uploads\/2025\/10\/074A6448.jpg",2048,1365,false],"thumbnail":["https:\/\/cpmimagazin.com\/wp-content\/uploads\/2025\/10\/074A6448-150x150.jpg",150,150,true],"medium":["https:\/\/cpmimagazin.com\/wp-content\/uploads\/2025\/10\/074A6448-300x200.jpg",300,200,true],"medium_large":["https:\/\/cpmimagazin.com\/wp-content\/uploads\/2025\/10\/074A6448-768x512.jpg",735,490,true],"large":["https:\/\/cpmimagazin.com\/wp-content\/uploads\/2025\/10\/074A6448-1024x683.jpg",735,490,true],"1536x1536":["https:\/\/cpmimagazin.com\/wp-content\/uploads\/2025\/10\/074A6448-1536x1024.jpg",1536,1024,true],"2048x2048":["https:\/\/cpmimagazin.com\/wp-content\/uploads\/2025\/10\/074A6448.jpg",2048,1365,false],"hitmag-landscape":["https:\/\/cpmimagazin.com\/wp-content\/uploads\/2025\/10\/074A6448-1120x450.jpg",1120,450,true],"hitmag-featured":["https:\/\/cpmimagazin.com\/wp-content\/uploads\/2025\/10\/074A6448-735x400.jpg",735,400,true],"hitmag-grid":["https:\/\/cpmimagazin.com\/wp-content\/uploads\/2025\/10\/074A6448-348x215.jpg",348,215,true],"hitmag-list":["https:\/\/cpmimagazin.com\/wp-content\/uploads\/2025\/10\/074A6448-290x220.jpg",290,220,true],"hitmag-thumbnail":["https:\/\/cpmimagazin.com\/wp-content\/uploads\/2025\/10\/074A6448-135x93.jpg",135,93,true]},"author_info":{"display_name":"Ines","author_link":"https:\/\/cpmimagazin.com\/?author=1"},"category_info":"<a href=\"https:\/\/cpmimagazin.com\/?cat=29\" rel=\"category\">BOGOT\u00c1<\/a> <a href=\"https:\/\/cpmimagazin.com\/?cat=28\" rel=\"category\">INTERNACIONAL<\/a> <a href=\"https:\/\/cpmimagazin.com\/?cat=1\" rel=\"category\">NOTICIAS<\/a> <a href=\"https:\/\/cpmimagazin.com\/?cat=30\" rel=\"category\">REGI\u00d3N<\/a> <a href=\"https:\/\/cpmimagazin.com\/?cat=25\" rel=\"category\">TURISMO<\/a> <a href=\"https:\/\/cpmimagazin.com\/?cat=4\" rel=\"category\">VIDEOS<\/a>","tag_info":"VIDEOS","comment_count":"0","_links":{"self":[{"href":"https:\/\/cpmimagazin.com\/index.php?rest_route=\/wp\/v2\/posts\/1316","targetHints":{"allow":["GET"]}}],"collection":[{"href":"https:\/\/cpmimagazin.com\/index.php?rest_route=\/wp\/v2\/posts"}],"about":[{"href":"https:\/\/cpmimagazin.com\/index.php?rest_route=\/wp\/v2\/types\/post"}],"author":[{"embeddable":true,"href":"https:\/\/cpmimagazin.com\/index.php?rest_route=\/wp\/v2\/users\/1"}],"replies":[{"embeddable":true,"href":"https:\/\/cpmimagazin.com\/index.php?rest_route=%2Fwp%2Fv2%2Fcomments&post=1316"}],"version-history":[{"count":1,"href":"https:\/\/cpmimagazin.com\/index.php?rest_route=\/wp\/v2\/posts\/1316\/revisions"}],"predecessor-version":[{"id":1324,"href":"https:\/\/cpmimagazin.com\/index.php?rest_route=\/wp\/v2\/posts\/1316\/revisions\/1324"}],"wp:featuredmedia":[{"embeddable":true,"href":"https:\/\/cpmimagazin.com\/index.php?rest_route=\/wp\/v2\/media\/1321"}],"wp:attachment":[{"href":"https:\/\/cpmimagazin.com\/index.php?rest_route=%2Fwp%2Fv2%2Fmedia&parent=1316"}],"wp:term":[{"taxonomy":"category","embeddable":true,"href":"https:\/\/cpmimagazin.com\/index.php?rest_route=%2Fwp%2Fv2%2Fcategories&post=1316"},{"taxonomy":"post_tag","embeddable":true,"href":"https:\/\/cpmimagazin.com\/index.php?rest_route=%2Fwp%2Fv2%2Ftags&post=1316"}],"curies":[{"name":"wp","href":"https:\/\/api.w.org\/{rel}","templated":true}]}}