{"id":1364,"date":"2025-10-17T21:21:32","date_gmt":"2025-10-17T21:21:32","guid":{"rendered":"https:\/\/cpmimagazin.com\/?p=1364"},"modified":"2025-10-17T21:21:33","modified_gmt":"2025-10-17T21:21:33","slug":"bogota-celebra-la-reapertura-de-una-de-las-bibliotecas-mas-emblematicas-de-la-ciudad","status":"publish","type":"post","link":"https:\/\/cpmimagazin.com\/?p=1364","title":{"rendered":"Bogot\u00e1 celebra la reapertura de una de las bibliotecas m\u00e1s emblem\u00e1ticas de la ciudad"},"content":{"rendered":"\n<ul class=\"wp-block-list\">\n<li><em>La Biblioteca P\u00fablica Manuel Zapata Olivella \u2013 El Tintal reabre oficialmente sus puertas el pr\u00f3ximo 18 de octubre, en un acto que contar\u00e1 con la presencia del arquitecto de este espacio de lectura, Daniel Berm\u00fadez.<\/em><\/li>\n<\/ul>\n\n\n\n<ul class=\"wp-block-list\">\n<li><em>Tras una inversi\u00f3n cercana a los 2.900 millones de pesos, este espacio cultural vuelve a brillar con una infraestructura renovada, m\u00e1s sostenible y pensada para seguir transformando la vida de miles de habitantes del suroccidente de la ciudad<\/em>.<\/li>\n\n\n\n<li><\/li>\n\n\n\n<li><\/li>\n<\/ul>\n\n\n\n<figure class=\"wp-block-image size-full\"><img fetchpriority=\"high\" decoding=\"async\" width=\"900\" height=\"505\" src=\"https:\/\/cpmimagazin.com\/wp-content\/uploads\/2025\/10\/B1.jpg\" alt=\"\" class=\"wp-image-1365\" srcset=\"https:\/\/cpmimagazin.com\/wp-content\/uploads\/2025\/10\/B1.jpg 900w, https:\/\/cpmimagazin.com\/wp-content\/uploads\/2025\/10\/B1-300x168.jpg 300w, https:\/\/cpmimagazin.com\/wp-content\/uploads\/2025\/10\/B1-768x431.jpg 768w\" sizes=\"(max-width: 900px) 100vw, 900px\" \/><\/figure>\n\n\n\n<figure class=\"wp-block-table\"><table class=\"has-fixed-layout\"><tbody><tr><td>&nbsp; &nbsp; &nbsp; &nbsp; &nbsp; Desde su inauguraci\u00f3n en 2001, la&nbsp;<a href=\"https:\/\/biblored.gov.co\/bibliotecas\/biblioteca-tintal\" target=\"_blank\" rel=\"noreferrer noopener\"><strong>Biblioteca P\u00fablica Manuel Zapata Olivella \u2013 El Tintal<\/strong><\/a>&nbsp;ha sido un espacio de conocimiento, cultura y transformaci\u00f3n urbana en la<strong>&nbsp;localidad de Kennedy<\/strong>. Construida sobre una antigua planta de tratamiento de basuras, hoy representa uno de los proyectos m\u00e1s simb\u00f3licos de recuperaci\u00f3n del espacio p\u00fablico en Bogot\u00e1. Durante este a\u00f1o, la biblioteca inici\u00f3 un proceso de intervenci\u00f3n integral que permiti\u00f3 reemplazar por completo el cielo raso del inmueble y migrar su sistema de iluminaci\u00f3n a tecnolog\u00eda LED, m\u00e1s eficiente y sostenible.&nbsp;<strong>Tambi\u00e9n se realizaron adecuaciones que permiten aprovechar mejor la luz natural<\/strong>&nbsp;y brindan una experiencia m\u00e1s c\u00e1lida y acogedora a los visitantes. \u201c<em>La reapertura de la Biblioteca Manuel Zapata Olivella es una celebraci\u00f3n de la lectura, la arquitectura y la comunidad. Este espacio renovado vuelve a ser punto de encuentro para las familias, los j\u00f3venes y los lectores del suroccidente de Bogot\u00e1<\/em>\u201d, afirm\u00f3&nbsp;<strong>Andrea Victorino, Directora de Lectura y Bibliotecas<\/strong>&nbsp;de la Secretar\u00eda de Cultura, Recreaci\u00f3n y Deporte y BibloRed. El auditorio, con capacidad para 140 personas, fue completamente renovado.&nbsp;<strong>Se instal\u00f3 nueva silleter\u00eda con criterios de accesibilidad universal y se moderniz\u00f3&nbsp;<\/strong>el sistema el\u00e9ctrico y de iluminaci\u00f3n art\u00edstica, garantizando mejores condiciones para los eventos culturales y comunitarios que all\u00ed se desarrollan. Estas obras fueron posibles gracias a una inversi\u00f3n de 2.900 millones de pesos, financiados con recursos del Sistema General de Regal\u00edas, reafirmando el compromiso de la ciudad con el acceso a la cultura y la educaci\u00f3n de calidad. Con esta reapertura, la&nbsp;<a href=\"https:\/\/biblored.gov.co\/bibliotecas\/biblioteca-tintal\" target=\"_blank\" rel=\"noreferrer noopener\"><strong>Biblioteca P\u00fablica Manuel Zapata Olivella \u2013 El Tintal<\/strong><\/a>&nbsp;fortalece su papel como un espacio vivo para la cultura, la educaci\u00f3n y la participaci\u00f3n ciudadana. Su renovaci\u00f3n no solo mejora la infraestructura, sino que tambi\u00e9n contribuye al compromiso de Bogot\u00e1 por el acceso equitativo al conocimiento, la sostenibilidad y el bienestar de sus comunidades. <strong>Evento de reapertura<\/strong> El evento de reapertura se llevar\u00e1 a cabo el s\u00e1bado 18 de octubre, con una programaci\u00f3n especial que incluye una visita guiada con el arquitecto de la biblioteca Daniel Berm\u00fadez y presentaciones musicales por parte del coro de la Universidad de los Andes. <strong>Programaci\u00f3n:<\/strong> 10:00 a.m. Socializaci\u00f3n del proceso de mejoramiento de la infraestructura 11:00 a. m. Palabras de apertura 11:15 a. m. Visita guiada con el arquitecto de la biblioteca: Daniel Berm\u00fadez 11:45 a. m. Concierto a cargo del coro de la Universidad de los Andes<\/td><\/tr><\/tbody><\/table><\/figure>\n","protected":false},"excerpt":{"rendered":"<p>&nbsp; &nbsp; &nbsp; &nbsp; &nbsp; Desde su inauguraci\u00f3n en 2001, la&nbsp;Biblioteca P\u00fablica Manuel Zapata Olivella \u2013 El Tintal&nbsp;ha sido un espacio de conocimiento, cultura y transformaci\u00f3n urbana en la&nbsp;localidad de &hellip; <\/p>\n","protected":false},"author":1,"featured_media":1365,"comment_status":"closed","ping_status":"closed","sticky":false,"template":"","format":"standard","meta":{"footnotes":""},"categories":[29,1,30,25],"tags":[],"class_list":["post-1364","post","type-post","status-publish","format-standard","has-post-thumbnail","hentry","category-bogota","category-noticias","category-region","category-turismo"],"yoast_head":"<!-- This site is optimized with the Yoast SEO plugin v24.8.1 - https:\/\/yoast.com\/wordpress\/plugins\/seo\/ -->\n<title>Bogot\u00e1 celebra la reapertura de una de las bibliotecas m\u00e1s emblem\u00e1ticas de la ciudad - Buenas noticias de Colombia<\/title>\n<meta name=\"robots\" content=\"index, follow, max-snippet:-1, max-image-preview:large, max-video-preview:-1\" \/>\n<link rel=\"canonical\" href=\"https:\/\/cpmimagazin.com\/?p=1364\" \/>\n<meta property=\"og:locale\" content=\"es_ES\" \/>\n<meta property=\"og:type\" content=\"article\" \/>\n<meta property=\"og:title\" content=\"Bogot\u00e1 celebra la reapertura de una de las bibliotecas m\u00e1s emblem\u00e1ticas de la ciudad - Buenas noticias de Colombia\" \/>\n<meta property=\"og:description\" content=\"&nbsp; &nbsp; &nbsp; &nbsp; &nbsp; Desde su inauguraci\u00f3n en 2001, la&nbsp;Biblioteca P\u00fablica Manuel Zapata Olivella \u2013 El Tintal&nbsp;ha sido un espacio de conocimiento, cultura y transformaci\u00f3n urbana en la&nbsp;localidad de &hellip;\" \/>\n<meta property=\"og:url\" content=\"https:\/\/cpmimagazin.com\/?p=1364\" \/>\n<meta property=\"og:site_name\" content=\"Buenas noticias de Colombia\" \/>\n<meta property=\"article:published_time\" content=\"2025-10-17T21:21:32+00:00\" \/>\n<meta property=\"article:modified_time\" content=\"2025-10-17T21:21:33+00:00\" \/>\n<meta property=\"og:image\" content=\"https:\/\/cpmimagazin.com\/wp-content\/uploads\/2025\/10\/B1.jpg\" \/>\n\t<meta property=\"og:image:width\" content=\"900\" \/>\n\t<meta property=\"og:image:height\" content=\"505\" \/>\n\t<meta property=\"og:image:type\" content=\"image\/jpeg\" \/>\n<meta name=\"author\" content=\"Ines\" \/>\n<meta name=\"twitter:card\" content=\"summary_large_image\" \/>\n<meta name=\"twitter:label1\" content=\"Escrito por\" \/>\n\t<meta name=\"twitter:data1\" content=\"Ines\" \/>\n\t<meta name=\"twitter:label2\" content=\"Tiempo de lectura\" \/>\n\t<meta name=\"twitter:data2\" content=\"3 minutos\" \/>\n<script type=\"application\/ld+json\" class=\"yoast-schema-graph\">{\"@context\":\"https:\/\/schema.org\",\"@graph\":[{\"@type\":\"WebPage\",\"@id\":\"https:\/\/cpmimagazin.com\/?p=1364\",\"url\":\"https:\/\/cpmimagazin.com\/?p=1364\",\"name\":\"Bogot\u00e1 celebra la reapertura de una de las bibliotecas m\u00e1s emblem\u00e1ticas de la ciudad - Buenas noticias de Colombia\",\"isPartOf\":{\"@id\":\"https:\/\/cpmimagazin.com\/#website\"},\"primaryImageOfPage\":{\"@id\":\"https:\/\/cpmimagazin.com\/?p=1364#primaryimage\"},\"image\":{\"@id\":\"https:\/\/cpmimagazin.com\/?p=1364#primaryimage\"},\"thumbnailUrl\":\"https:\/\/cpmimagazin.com\/wp-content\/uploads\/2025\/10\/B1.jpg\",\"datePublished\":\"2025-10-17T21:21:32+00:00\",\"dateModified\":\"2025-10-17T21:21:33+00:00\",\"author\":{\"@id\":\"https:\/\/cpmimagazin.com\/#\/schema\/person\/8b73e956994dc3114b861ce2e9ea62c8\"},\"breadcrumb\":{\"@id\":\"https:\/\/cpmimagazin.com\/?p=1364#breadcrumb\"},\"inLanguage\":\"es-CO\",\"potentialAction\":[{\"@type\":\"ReadAction\",\"target\":[\"https:\/\/cpmimagazin.com\/?p=1364\"]}]},{\"@type\":\"ImageObject\",\"inLanguage\":\"es-CO\",\"@id\":\"https:\/\/cpmimagazin.com\/?p=1364#primaryimage\",\"url\":\"https:\/\/cpmimagazin.com\/wp-content\/uploads\/2025\/10\/B1.jpg\",\"contentUrl\":\"https:\/\/cpmimagazin.com\/wp-content\/uploads\/2025\/10\/B1.jpg\",\"width\":900,\"height\":505},{\"@type\":\"BreadcrumbList\",\"@id\":\"https:\/\/cpmimagazin.com\/?p=1364#breadcrumb\",\"itemListElement\":[{\"@type\":\"ListItem\",\"position\":1,\"name\":\"Inicio\",\"item\":\"https:\/\/cpmimagazin.com\/\"},{\"@type\":\"ListItem\",\"position\":2,\"name\":\"Bogot\u00e1 celebra la reapertura de una de las bibliotecas m\u00e1s emblem\u00e1ticas de la ciudad\"}]},{\"@type\":\"WebSite\",\"@id\":\"https:\/\/cpmimagazin.com\/#website\",\"url\":\"https:\/\/cpmimagazin.com\/\",\"name\":\"Buenas noticias de Colombia\",\"description\":\"Impulsamos historias que unen: juventud que inspira, adultos mayores que dejan huella. Descubre noticias, aprendizajes y el orgullo de nuestra gente, todo en \u201cMi Magazin\u201d. \u00a1S\u00e9 parte de una comunidad intergeneracional!\",\"potentialAction\":[{\"@type\":\"SearchAction\",\"target\":{\"@type\":\"EntryPoint\",\"urlTemplate\":\"https:\/\/cpmimagazin.com\/?s={search_term_string}\"},\"query-input\":{\"@type\":\"PropertyValueSpecification\",\"valueRequired\":true,\"valueName\":\"search_term_string\"}}],\"inLanguage\":\"es-CO\"},{\"@type\":\"Person\",\"@id\":\"https:\/\/cpmimagazin.com\/#\/schema\/person\/8b73e956994dc3114b861ce2e9ea62c8\",\"name\":\"Ines\",\"image\":{\"@type\":\"ImageObject\",\"inLanguage\":\"es-CO\",\"@id\":\"https:\/\/cpmimagazin.com\/#\/schema\/person\/image\/\",\"url\":\"https:\/\/secure.gravatar.com\/avatar\/d503d379e79ddcf53d45e12b964a724224aad794352599f500541027801754fc?s=96&d=mm&r=g\",\"contentUrl\":\"https:\/\/secure.gravatar.com\/avatar\/d503d379e79ddcf53d45e12b964a724224aad794352599f500541027801754fc?s=96&d=mm&r=g\",\"caption\":\"Ines\"},\"sameAs\":[\"https:\/\/cpmimagazin.com\"],\"url\":\"https:\/\/cpmimagazin.com\/?author=1\"}]}<\/script>\n<!-- \/ Yoast SEO plugin. -->","yoast_head_json":{"title":"Bogot\u00e1 celebra la reapertura de una de las bibliotecas m\u00e1s emblem\u00e1ticas de la ciudad - Buenas noticias de Colombia","robots":{"index":"index","follow":"follow","max-snippet":"max-snippet:-1","max-image-preview":"max-image-preview:large","max-video-preview":"max-video-preview:-1"},"canonical":"https:\/\/cpmimagazin.com\/?p=1364","og_locale":"es_ES","og_type":"article","og_title":"Bogot\u00e1 celebra la reapertura de una de las bibliotecas m\u00e1s emblem\u00e1ticas de la ciudad - Buenas noticias de Colombia","og_description":"&nbsp; &nbsp; &nbsp; &nbsp; &nbsp; Desde su inauguraci\u00f3n en 2001, la&nbsp;Biblioteca P\u00fablica Manuel Zapata Olivella \u2013 El Tintal&nbsp;ha sido un espacio de conocimiento, cultura y transformaci\u00f3n urbana en la&nbsp;localidad de &hellip;","og_url":"https:\/\/cpmimagazin.com\/?p=1364","og_site_name":"Buenas noticias de Colombia","article_published_time":"2025-10-17T21:21:32+00:00","article_modified_time":"2025-10-17T21:21:33+00:00","og_image":[{"width":900,"height":505,"url":"https:\/\/cpmimagazin.com\/wp-content\/uploads\/2025\/10\/B1.jpg","type":"image\/jpeg"}],"author":"Ines","twitter_card":"summary_large_image","twitter_misc":{"Escrito por":"Ines","Tiempo de lectura":"3 minutos"},"schema":{"@context":"https:\/\/schema.org","@graph":[{"@type":"WebPage","@id":"https:\/\/cpmimagazin.com\/?p=1364","url":"https:\/\/cpmimagazin.com\/?p=1364","name":"Bogot\u00e1 celebra la reapertura de una de las bibliotecas m\u00e1s emblem\u00e1ticas de la ciudad - Buenas noticias de Colombia","isPartOf":{"@id":"https:\/\/cpmimagazin.com\/#website"},"primaryImageOfPage":{"@id":"https:\/\/cpmimagazin.com\/?p=1364#primaryimage"},"image":{"@id":"https:\/\/cpmimagazin.com\/?p=1364#primaryimage"},"thumbnailUrl":"https:\/\/cpmimagazin.com\/wp-content\/uploads\/2025\/10\/B1.jpg","datePublished":"2025-10-17T21:21:32+00:00","dateModified":"2025-10-17T21:21:33+00:00","author":{"@id":"https:\/\/cpmimagazin.com\/#\/schema\/person\/8b73e956994dc3114b861ce2e9ea62c8"},"breadcrumb":{"@id":"https:\/\/cpmimagazin.com\/?p=1364#breadcrumb"},"inLanguage":"es-CO","potentialAction":[{"@type":"ReadAction","target":["https:\/\/cpmimagazin.com\/?p=1364"]}]},{"@type":"ImageObject","inLanguage":"es-CO","@id":"https:\/\/cpmimagazin.com\/?p=1364#primaryimage","url":"https:\/\/cpmimagazin.com\/wp-content\/uploads\/2025\/10\/B1.jpg","contentUrl":"https:\/\/cpmimagazin.com\/wp-content\/uploads\/2025\/10\/B1.jpg","width":900,"height":505},{"@type":"BreadcrumbList","@id":"https:\/\/cpmimagazin.com\/?p=1364#breadcrumb","itemListElement":[{"@type":"ListItem","position":1,"name":"Inicio","item":"https:\/\/cpmimagazin.com\/"},{"@type":"ListItem","position":2,"name":"Bogot\u00e1 celebra la reapertura de una de las bibliotecas m\u00e1s emblem\u00e1ticas de la ciudad"}]},{"@type":"WebSite","@id":"https:\/\/cpmimagazin.com\/#website","url":"https:\/\/cpmimagazin.com\/","name":"Buenas noticias de Colombia","description":"Impulsamos historias que unen: juventud que inspira, adultos mayores que dejan huella. Descubre noticias, aprendizajes y el orgullo de nuestra gente, todo en \u201cMi Magazin\u201d. \u00a1S\u00e9 parte de una comunidad intergeneracional!","potentialAction":[{"@type":"SearchAction","target":{"@type":"EntryPoint","urlTemplate":"https:\/\/cpmimagazin.com\/?s={search_term_string}"},"query-input":{"@type":"PropertyValueSpecification","valueRequired":true,"valueName":"search_term_string"}}],"inLanguage":"es-CO"},{"@type":"Person","@id":"https:\/\/cpmimagazin.com\/#\/schema\/person\/8b73e956994dc3114b861ce2e9ea62c8","name":"Ines","image":{"@type":"ImageObject","inLanguage":"es-CO","@id":"https:\/\/cpmimagazin.com\/#\/schema\/person\/image\/","url":"https:\/\/secure.gravatar.com\/avatar\/d503d379e79ddcf53d45e12b964a724224aad794352599f500541027801754fc?s=96&d=mm&r=g","contentUrl":"https:\/\/secure.gravatar.com\/avatar\/d503d379e79ddcf53d45e12b964a724224aad794352599f500541027801754fc?s=96&d=mm&r=g","caption":"Ines"},"sameAs":["https:\/\/cpmimagazin.com"],"url":"https:\/\/cpmimagazin.com\/?author=1"}]}},"featured_image_urls":{"full":["https:\/\/cpmimagazin.com\/wp-content\/uploads\/2025\/10\/B1.jpg",900,505,false],"thumbnail":["https:\/\/cpmimagazin.com\/wp-content\/uploads\/2025\/10\/B1-150x150.jpg",150,150,true],"medium":["https:\/\/cpmimagazin.com\/wp-content\/uploads\/2025\/10\/B1-300x168.jpg",300,168,true],"medium_large":["https:\/\/cpmimagazin.com\/wp-content\/uploads\/2025\/10\/B1-768x431.jpg",735,412,true],"large":["https:\/\/cpmimagazin.com\/wp-content\/uploads\/2025\/10\/B1.jpg",735,412,false],"1536x1536":["https:\/\/cpmimagazin.com\/wp-content\/uploads\/2025\/10\/B1.jpg",900,505,false],"2048x2048":["https:\/\/cpmimagazin.com\/wp-content\/uploads\/2025\/10\/B1.jpg",900,505,false],"hitmag-landscape":["https:\/\/cpmimagazin.com\/wp-content\/uploads\/2025\/10\/B1-900x450.jpg",900,450,true],"hitmag-featured":["https:\/\/cpmimagazin.com\/wp-content\/uploads\/2025\/10\/B1-735x400.jpg",735,400,true],"hitmag-grid":["https:\/\/cpmimagazin.com\/wp-content\/uploads\/2025\/10\/B1-348x215.jpg",348,215,true],"hitmag-list":["https:\/\/cpmimagazin.com\/wp-content\/uploads\/2025\/10\/B1-290x220.jpg",290,220,true],"hitmag-thumbnail":["https:\/\/cpmimagazin.com\/wp-content\/uploads\/2025\/10\/B1-135x93.jpg",135,93,true]},"author_info":{"display_name":"Ines","author_link":"https:\/\/cpmimagazin.com\/?author=1"},"category_info":"<a href=\"https:\/\/cpmimagazin.com\/?cat=29\" rel=\"category\">BOGOT\u00c1<\/a> <a href=\"https:\/\/cpmimagazin.com\/?cat=1\" rel=\"category\">NOTICIAS<\/a> <a href=\"https:\/\/cpmimagazin.com\/?cat=30\" rel=\"category\">REGI\u00d3N<\/a> <a href=\"https:\/\/cpmimagazin.com\/?cat=25\" rel=\"category\">TURISMO<\/a>","tag_info":"TURISMO","comment_count":"0","_links":{"self":[{"href":"https:\/\/cpmimagazin.com\/index.php?rest_route=\/wp\/v2\/posts\/1364","targetHints":{"allow":["GET"]}}],"collection":[{"href":"https:\/\/cpmimagazin.com\/index.php?rest_route=\/wp\/v2\/posts"}],"about":[{"href":"https:\/\/cpmimagazin.com\/index.php?rest_route=\/wp\/v2\/types\/post"}],"author":[{"embeddable":true,"href":"https:\/\/cpmimagazin.com\/index.php?rest_route=\/wp\/v2\/users\/1"}],"replies":[{"embeddable":true,"href":"https:\/\/cpmimagazin.com\/index.php?rest_route=%2Fwp%2Fv2%2Fcomments&post=1364"}],"version-history":[{"count":1,"href":"https:\/\/cpmimagazin.com\/index.php?rest_route=\/wp\/v2\/posts\/1364\/revisions"}],"predecessor-version":[{"id":1366,"href":"https:\/\/cpmimagazin.com\/index.php?rest_route=\/wp\/v2\/posts\/1364\/revisions\/1366"}],"wp:featuredmedia":[{"embeddable":true,"href":"https:\/\/cpmimagazin.com\/index.php?rest_route=\/wp\/v2\/media\/1365"}],"wp:attachment":[{"href":"https:\/\/cpmimagazin.com\/index.php?rest_route=%2Fwp%2Fv2%2Fmedia&parent=1364"}],"wp:term":[{"taxonomy":"category","embeddable":true,"href":"https:\/\/cpmimagazin.com\/index.php?rest_route=%2Fwp%2Fv2%2Fcategories&post=1364"},{"taxonomy":"post_tag","embeddable":true,"href":"https:\/\/cpmimagazin.com\/index.php?rest_route=%2Fwp%2Fv2%2Ftags&post=1364"}],"curies":[{"name":"wp","href":"https:\/\/api.w.org\/{rel}","templated":true}]}}