{"id":788,"date":"2025-04-04T20:41:44","date_gmt":"2025-04-04T20:41:44","guid":{"rendered":"https:\/\/cpmimagazin.com\/?p=788"},"modified":"2025-04-04T20:41:44","modified_gmt":"2025-04-04T20:41:44","slug":"idu-inicio-mitigacion-en-obras-inconclusas-de-centro-fundacional-de-usaquen-tras-toma-de-posesion","status":"publish","type":"post","link":"https:\/\/cpmimagazin.com\/?p=788","title":{"rendered":"IDU inici\u00f3 mitigaci\u00f3n en obras inconclusas de Centro Fundacional de Usaqu\u00e9n, tras toma de posesi\u00f3n"},"content":{"rendered":"<p><iframe width=\"882\" height=\"496\" src=\"https:\/\/www.youtube.com\/embed\/NN0mNT1f9EE\" title=\"Orlando Molano   Usaqu\u00e9n 28 de marzo\" frameborder=\"0\" allow=\"accelerometer; autoplay; clipboard-write; encrypted-media; gyroscope; picture-in-picture; web-share\" referrerpolicy=\"strict-origin-when-cross-origin\" allowfullscreen><\/iframe><\/p>\n<p>\u25cf\tCon la toma de posesi\u00f3n total de la obra, el Instituto de Desarrollo Urbano (IDU) y la Unidad de Mantenimiento Vial (UMV) habilitar\u00e1n provisionalmente el tr\u00e1nsito peatonal y vehicular de v\u00edas y espacio p\u00fablico afectados.<\/p>\n<p>\u25cf\tLa acci\u00f3n se realiz\u00f3 luego de que finalizara el contrato a cargo del Consorcio RGH 2021, por el vencimiento de plazos sin la terminaci\u00f3n de las obras.<\/p>\n<p>\u25cf\tLa posesi\u00f3n total de la obra busca habilitar las v\u00edas que actualmente se encuentran afectadas, garantizar el inter\u00e9s p\u00fablico y salvaguardar la seguridad y la movilidad de la ciudadan\u00eda.<\/p>\n<p>\u25cf\tEl IDU y la UMV intervendr\u00e1n 13 segmentos viales que quedaron con problemas de calidad o sin concluir.<\/p>\n<p>\u25cf\tEstas acciones brindar\u00e1n soluciones provisionales que ayudar\u00e1n a reactivar el comercio y el turismo en el sector. #VenDisfrutaUsaqu\u00e9n.<\/p>\n<p>\u25cf\tEste a\u00f1o se adelantar\u00e1 un nuevo proceso de licitaci\u00f3n para que un contratista entre a finalizar la obra.<\/p>\n<p>Bogot\u00e1 D.C., 29 de marzo de 2025 (@IDUBogota &#8211; @UMVBogota). Habitantes, comerciantes y turista de Usaqu\u00e9n ya ven los primeros cambios en el Centro Fundacional, tras la toma total de posesi\u00f3n de la obra realizada por el IDU el pasado 26 de marzo, luego de que el contratista, Consorcio RGH 2021, no hubiera concluido las obras en el tiempo que estipulaba el contrato. <\/p>\n<p>\u201cEl Consorcio RGH 2021 ten\u00eda la responsabilidad de intervenir 38 segmentos viales y la Plaza Fundacional, sin embargo, trabaj\u00f3 solo en 13, de los cuales solo termin\u00f3 6 con problemas de calidad. Por tal raz\u00f3n debemos volver a abrir licitaci\u00f3n para terminar la obra. Mientras tanto, con la toma de posesi\u00f3n total, el IDU intervendr\u00e1 7 de estos segmentos viales; y la UMV, 6\u201d, asegur\u00f3 el director del IDU y director (e) de la UMV, Orlando Molano.<\/p>\n<p>El IDU tom\u00f3 posesi\u00f3n total, tras finalizar el plazo de ejecuci\u00f3n de las obras inconclusas a cargo del Consorcio RGH 2021, conformado por Germ\u00e1n Torres Salgado (34 %), H\u00e9ctor Henry Cuadrado Gonz\u00e1lez (33 %) y Rex Ingenier\u00eda S.A. en reorganizaci\u00f3n (33 %), sin que se cumpliera con la obra.<\/p>\n<p>La interventor\u00eda del proyecto la realizaba el Consorcio UG-SIS, integrado por Consultores de Ingenier\u00eda UG21 SL Sucursal en Colombia (50 %) y Sistema Ingenier\u00eda, Sucursal Colombia (50 %). <\/p>\n<p>\u201cLa toma de posesi\u00f3n total se adelanta con un plan de contingencia provisional, con obras de mitigaci\u00f3n para que peatones, ciclistas y veh\u00edculos puedan volver a transitar por la zona\u201d, asegur\u00f3 Molano.<\/p>\n<p>La toma de posesi\u00f3n de la obra en Usaqu\u00e9n inici\u00f3 parcialmente el pasado 21 de marzo, con la intervenci\u00f3n inmediata por parte de la Unidad de Mantenimiento Vial de la carrera 6, entre la calle 119 y 118, frente de la Iglesia Santa B\u00e1rbara.<\/p>\n<p>All\u00ed, la UMV protegi\u00f3 las zonas de hallazgos arqueol\u00f3gicos pendientes de rescate, y realiz\u00f3 actividades en busca de la habilitaci\u00f3n temporal de este segmento vial, para permitir el retiro de polisombras y la libre circulaci\u00f3n peatonal y vehicular, habilitando la conectividad total del barrio. <\/p>\n<p>Por su parte, el equipo de Conservaci\u00f3n del IDU comenz\u00f3 con la intervenci\u00f3n del espacio p\u00fablico (andenes), con el finde garantizar la movilidad peatonal segura en la zona. Estas soluciones temporales se realizar\u00e1n mientras inicia el nuevo proceso de licitaci\u00f3n para finalizar la obra.<\/p>\n<p>\u201cNos vamos a tardar lo que queda este a\u00f1o para la nueva licitaci\u00f3n; vamos a cambiar el (modelo de) contrato y, como pidi\u00f3 el alcalde Carlos Fernando Gal\u00e1n, haremos un contrato por tramos, para no afectar toda la zona; as\u00ed se va realizar esta nueva licitaci\u00f3n\u201d, confirm\u00f3 el director Orlando Molano. <\/p>\n<p>Dentro de las acciones que se tomar\u00e1n para reactivar este sector, se implementar\u00e1 un plan de urbanismo t\u00e1ctico, que busca impedir el estacionamiento de veh\u00edculos en andenes o v\u00edas (lo que obstaculiza la movilidad), se se\u00f1alizar\u00e1n las zonas donde est\u00e1 prohibido parquear y, con el apoyo de la Secretar\u00eda de Movilidad, se establecer\u00e1n puntos de cargue y descargue.<\/p>\n<p>Contexto del proyecto<\/p>\n<p>El proyecto, que fue recibido en enero del 2024 por el Gobierno del alcalde de Carlos Fernando Gal\u00e1n con una ejecuci\u00f3n de obra del 4.75 %, alcanz\u00f3, durante el primer a\u00f1o de Administraci\u00f3n, un avance al 30 %.<\/p>\n<p>Esta obra, inici\u00f3 en 2021, y buscaba optimizar el espacio p\u00fablico del sector mediante la reconstrucci\u00f3n, regularizaci\u00f3n y adecuaci\u00f3n de andenes y de v\u00edas; ten\u00eda destinados $44 018 millones de inversi\u00f3n (incluyendo la interventor\u00eda), de los cuales el IDU solo le entreg\u00f3 al contratista $12 117 millones, correspondientes al avance de obra y el anticipo.<\/p>\n<p>La obra estuvo suspendida hasta el pasado 11 de marzo, y se curs\u00f3 un proceso administrativo sancionatorio contra el contratista por retrasos en las obras y las condiciones de calidad de los segmentos viales intervenidos.<\/p>\n<p>Para reactivar el proyecto, el IDU analiz\u00f3 dos alternativas para el contratista: primero, finalizar el contrato e iniciar una nueva licitaci\u00f3n; o segundo, realizar una interrupci\u00f3n parcial de actividades, mientras se formaliza modificaci\u00f3n al contrato. Tras m\u00e1s de dos meses de conversaciones y mesas de trabajo, el contratista no cumpli\u00f3 con las solicitudes del IDU que garantizaran la culminaci\u00f3n pronta de la obra y se procedi\u00f3 a la finalizaci\u00f3n del contrato.<\/p>\n","protected":false},"excerpt":{"rendered":"<p>\u25cf Con la toma de posesi\u00f3n total de la obra, el Instituto de Desarrollo Urbano (IDU) y la Unidad de Mantenimiento Vial (UMV) habilitar\u00e1n provisionalmente el tr\u00e1nsito peatonal y vehicular &hellip; <\/p>\n","protected":false},"author":1,"featured_media":789,"comment_status":"open","ping_status":"open","sticky":false,"template":"","format":"standard","meta":{"footnotes":""},"categories":[29,1,25,4],"tags":[],"class_list":["post-788","post","type-post","status-publish","format-standard","has-post-thumbnail","hentry","category-bogota","category-noticias","category-turismo","category-you-tube"],"yoast_head":"<!-- This site is optimized with the Yoast SEO plugin v24.8.1 - https:\/\/yoast.com\/wordpress\/plugins\/seo\/ -->\n<title>IDU inici\u00f3 mitigaci\u00f3n en obras inconclusas de Centro Fundacional de Usaqu\u00e9n, tras toma de posesi\u00f3n - Buenas noticias de Colombia<\/title>\n<meta name=\"robots\" content=\"index, follow, max-snippet:-1, max-image-preview:large, max-video-preview:-1\" \/>\n<link rel=\"canonical\" href=\"https:\/\/cpmimagazin.com\/?p=788\" \/>\n<meta property=\"og:locale\" content=\"es_ES\" \/>\n<meta property=\"og:type\" content=\"article\" \/>\n<meta property=\"og:title\" content=\"IDU inici\u00f3 mitigaci\u00f3n en obras inconclusas de Centro Fundacional de Usaqu\u00e9n, tras toma de posesi\u00f3n - Buenas noticias de Colombia\" \/>\n<meta property=\"og:description\" content=\"\u25cf Con la toma de posesi\u00f3n total de la obra, el Instituto de Desarrollo Urbano (IDU) y la Unidad de Mantenimiento Vial (UMV) habilitar\u00e1n provisionalmente el tr\u00e1nsito peatonal y vehicular &hellip;\" \/>\n<meta property=\"og:url\" content=\"https:\/\/cpmimagazin.com\/?p=788\" \/>\n<meta property=\"og:site_name\" content=\"Buenas noticias de Colombia\" \/>\n<meta property=\"article:published_time\" content=\"2025-04-04T20:41:44+00:00\" \/>\n<meta property=\"og:image\" content=\"https:\/\/cpmimagazin.com\/wp-content\/uploads\/2025\/04\/Foto.png\" \/>\n\t<meta property=\"og:image:width\" content=\"570\" \/>\n\t<meta property=\"og:image:height\" content=\"425\" \/>\n\t<meta property=\"og:image:type\" content=\"image\/png\" \/>\n<meta name=\"author\" content=\"Ines\" \/>\n<meta name=\"twitter:card\" content=\"summary_large_image\" \/>\n<meta name=\"twitter:label1\" content=\"Escrito por\" \/>\n\t<meta name=\"twitter:data1\" content=\"Ines\" \/>\n\t<meta name=\"twitter:label2\" content=\"Tiempo de lectura\" \/>\n\t<meta name=\"twitter:data2\" content=\"5 minutos\" \/>\n<script type=\"application\/ld+json\" class=\"yoast-schema-graph\">{\"@context\":\"https:\/\/schema.org\",\"@graph\":[{\"@type\":\"WebPage\",\"@id\":\"https:\/\/cpmimagazin.com\/?p=788\",\"url\":\"https:\/\/cpmimagazin.com\/?p=788\",\"name\":\"IDU inici\u00f3 mitigaci\u00f3n en obras inconclusas de Centro Fundacional de Usaqu\u00e9n, tras toma de posesi\u00f3n - Buenas noticias de Colombia\",\"isPartOf\":{\"@id\":\"https:\/\/cpmimagazin.com\/#website\"},\"primaryImageOfPage\":{\"@id\":\"https:\/\/cpmimagazin.com\/?p=788#primaryimage\"},\"image\":{\"@id\":\"https:\/\/cpmimagazin.com\/?p=788#primaryimage\"},\"thumbnailUrl\":\"https:\/\/cpmimagazin.com\/wp-content\/uploads\/2025\/04\/Foto.png\",\"datePublished\":\"2025-04-04T20:41:44+00:00\",\"author\":{\"@id\":\"https:\/\/cpmimagazin.com\/#\/schema\/person\/8b73e956994dc3114b861ce2e9ea62c8\"},\"breadcrumb\":{\"@id\":\"https:\/\/cpmimagazin.com\/?p=788#breadcrumb\"},\"inLanguage\":\"es-CO\",\"potentialAction\":[{\"@type\":\"ReadAction\",\"target\":[\"https:\/\/cpmimagazin.com\/?p=788\"]}]},{\"@type\":\"ImageObject\",\"inLanguage\":\"es-CO\",\"@id\":\"https:\/\/cpmimagazin.com\/?p=788#primaryimage\",\"url\":\"https:\/\/cpmimagazin.com\/wp-content\/uploads\/2025\/04\/Foto.png\",\"contentUrl\":\"https:\/\/cpmimagazin.com\/wp-content\/uploads\/2025\/04\/Foto.png\",\"width\":570,\"height\":425},{\"@type\":\"BreadcrumbList\",\"@id\":\"https:\/\/cpmimagazin.com\/?p=788#breadcrumb\",\"itemListElement\":[{\"@type\":\"ListItem\",\"position\":1,\"name\":\"Inicio\",\"item\":\"https:\/\/cpmimagazin.com\/\"},{\"@type\":\"ListItem\",\"position\":2,\"name\":\"IDU inici\u00f3 mitigaci\u00f3n en obras inconclusas de Centro Fundacional de Usaqu\u00e9n, tras toma de posesi\u00f3n\"}]},{\"@type\":\"WebSite\",\"@id\":\"https:\/\/cpmimagazin.com\/#website\",\"url\":\"https:\/\/cpmimagazin.com\/\",\"name\":\"Buenas noticias de Colombia\",\"description\":\"Impulsamos historias que unen: juventud que inspira, adultos mayores que dejan huella. Descubre noticias, aprendizajes y el orgullo de nuestra gente, todo en \u201cMi Magazin\u201d. \u00a1S\u00e9 parte de una comunidad intergeneracional!\",\"potentialAction\":[{\"@type\":\"SearchAction\",\"target\":{\"@type\":\"EntryPoint\",\"urlTemplate\":\"https:\/\/cpmimagazin.com\/?s={search_term_string}\"},\"query-input\":{\"@type\":\"PropertyValueSpecification\",\"valueRequired\":true,\"valueName\":\"search_term_string\"}}],\"inLanguage\":\"es-CO\"},{\"@type\":\"Person\",\"@id\":\"https:\/\/cpmimagazin.com\/#\/schema\/person\/8b73e956994dc3114b861ce2e9ea62c8\",\"name\":\"Ines\",\"image\":{\"@type\":\"ImageObject\",\"inLanguage\":\"es-CO\",\"@id\":\"https:\/\/cpmimagazin.com\/#\/schema\/person\/image\/\",\"url\":\"https:\/\/secure.gravatar.com\/avatar\/d503d379e79ddcf53d45e12b964a724224aad794352599f500541027801754fc?s=96&d=mm&r=g\",\"contentUrl\":\"https:\/\/secure.gravatar.com\/avatar\/d503d379e79ddcf53d45e12b964a724224aad794352599f500541027801754fc?s=96&d=mm&r=g\",\"caption\":\"Ines\"},\"sameAs\":[\"https:\/\/cpmimagazin.com\"],\"url\":\"https:\/\/cpmimagazin.com\/?author=1\"}]}<\/script>\n<!-- \/ Yoast SEO plugin. -->","yoast_head_json":{"title":"IDU inici\u00f3 mitigaci\u00f3n en obras inconclusas de Centro Fundacional de Usaqu\u00e9n, tras toma de posesi\u00f3n - Buenas noticias de Colombia","robots":{"index":"index","follow":"follow","max-snippet":"max-snippet:-1","max-image-preview":"max-image-preview:large","max-video-preview":"max-video-preview:-1"},"canonical":"https:\/\/cpmimagazin.com\/?p=788","og_locale":"es_ES","og_type":"article","og_title":"IDU inici\u00f3 mitigaci\u00f3n en obras inconclusas de Centro Fundacional de Usaqu\u00e9n, tras toma de posesi\u00f3n - Buenas noticias de Colombia","og_description":"\u25cf Con la toma de posesi\u00f3n total de la obra, el Instituto de Desarrollo Urbano (IDU) y la Unidad de Mantenimiento Vial (UMV) habilitar\u00e1n provisionalmente el tr\u00e1nsito peatonal y vehicular &hellip;","og_url":"https:\/\/cpmimagazin.com\/?p=788","og_site_name":"Buenas noticias de Colombia","article_published_time":"2025-04-04T20:41:44+00:00","og_image":[{"width":570,"height":425,"url":"https:\/\/cpmimagazin.com\/wp-content\/uploads\/2025\/04\/Foto.png","type":"image\/png"}],"author":"Ines","twitter_card":"summary_large_image","twitter_misc":{"Escrito por":"Ines","Tiempo de lectura":"5 minutos"},"schema":{"@context":"https:\/\/schema.org","@graph":[{"@type":"WebPage","@id":"https:\/\/cpmimagazin.com\/?p=788","url":"https:\/\/cpmimagazin.com\/?p=788","name":"IDU inici\u00f3 mitigaci\u00f3n en obras inconclusas de Centro Fundacional de Usaqu\u00e9n, tras toma de posesi\u00f3n - Buenas noticias de Colombia","isPartOf":{"@id":"https:\/\/cpmimagazin.com\/#website"},"primaryImageOfPage":{"@id":"https:\/\/cpmimagazin.com\/?p=788#primaryimage"},"image":{"@id":"https:\/\/cpmimagazin.com\/?p=788#primaryimage"},"thumbnailUrl":"https:\/\/cpmimagazin.com\/wp-content\/uploads\/2025\/04\/Foto.png","datePublished":"2025-04-04T20:41:44+00:00","author":{"@id":"https:\/\/cpmimagazin.com\/#\/schema\/person\/8b73e956994dc3114b861ce2e9ea62c8"},"breadcrumb":{"@id":"https:\/\/cpmimagazin.com\/?p=788#breadcrumb"},"inLanguage":"es-CO","potentialAction":[{"@type":"ReadAction","target":["https:\/\/cpmimagazin.com\/?p=788"]}]},{"@type":"ImageObject","inLanguage":"es-CO","@id":"https:\/\/cpmimagazin.com\/?p=788#primaryimage","url":"https:\/\/cpmimagazin.com\/wp-content\/uploads\/2025\/04\/Foto.png","contentUrl":"https:\/\/cpmimagazin.com\/wp-content\/uploads\/2025\/04\/Foto.png","width":570,"height":425},{"@type":"BreadcrumbList","@id":"https:\/\/cpmimagazin.com\/?p=788#breadcrumb","itemListElement":[{"@type":"ListItem","position":1,"name":"Inicio","item":"https:\/\/cpmimagazin.com\/"},{"@type":"ListItem","position":2,"name":"IDU inici\u00f3 mitigaci\u00f3n en obras inconclusas de Centro Fundacional de Usaqu\u00e9n, tras toma de posesi\u00f3n"}]},{"@type":"WebSite","@id":"https:\/\/cpmimagazin.com\/#website","url":"https:\/\/cpmimagazin.com\/","name":"Buenas noticias de Colombia","description":"Impulsamos historias que unen: juventud que inspira, adultos mayores que dejan huella. Descubre noticias, aprendizajes y el orgullo de nuestra gente, todo en \u201cMi Magazin\u201d. \u00a1S\u00e9 parte de una comunidad intergeneracional!","potentialAction":[{"@type":"SearchAction","target":{"@type":"EntryPoint","urlTemplate":"https:\/\/cpmimagazin.com\/?s={search_term_string}"},"query-input":{"@type":"PropertyValueSpecification","valueRequired":true,"valueName":"search_term_string"}}],"inLanguage":"es-CO"},{"@type":"Person","@id":"https:\/\/cpmimagazin.com\/#\/schema\/person\/8b73e956994dc3114b861ce2e9ea62c8","name":"Ines","image":{"@type":"ImageObject","inLanguage":"es-CO","@id":"https:\/\/cpmimagazin.com\/#\/schema\/person\/image\/","url":"https:\/\/secure.gravatar.com\/avatar\/d503d379e79ddcf53d45e12b964a724224aad794352599f500541027801754fc?s=96&d=mm&r=g","contentUrl":"https:\/\/secure.gravatar.com\/avatar\/d503d379e79ddcf53d45e12b964a724224aad794352599f500541027801754fc?s=96&d=mm&r=g","caption":"Ines"},"sameAs":["https:\/\/cpmimagazin.com"],"url":"https:\/\/cpmimagazin.com\/?author=1"}]}},"featured_image_urls":{"full":["https:\/\/cpmimagazin.com\/wp-content\/uploads\/2025\/04\/Foto.png",570,425,false],"thumbnail":["https:\/\/cpmimagazin.com\/wp-content\/uploads\/2025\/04\/Foto-150x150.png",150,150,true],"medium":["https:\/\/cpmimagazin.com\/wp-content\/uploads\/2025\/04\/Foto-300x224.png",300,224,true],"medium_large":["https:\/\/cpmimagazin.com\/wp-content\/uploads\/2025\/04\/Foto.png",570,425,false],"large":["https:\/\/cpmimagazin.com\/wp-content\/uploads\/2025\/04\/Foto.png",570,425,false],"1536x1536":["https:\/\/cpmimagazin.com\/wp-content\/uploads\/2025\/04\/Foto.png",570,425,false],"2048x2048":["https:\/\/cpmimagazin.com\/wp-content\/uploads\/2025\/04\/Foto.png",570,425,false],"hitmag-landscape":["https:\/\/cpmimagazin.com\/wp-content\/uploads\/2025\/04\/Foto.png",570,425,false],"hitmag-featured":["https:\/\/cpmimagazin.com\/wp-content\/uploads\/2025\/04\/Foto-570x400.png",570,400,true],"hitmag-grid":["https:\/\/cpmimagazin.com\/wp-content\/uploads\/2025\/04\/Foto-348x215.png",348,215,true],"hitmag-list":["https:\/\/cpmimagazin.com\/wp-content\/uploads\/2025\/04\/Foto-290x220.png",290,220,true],"hitmag-thumbnail":["https:\/\/cpmimagazin.com\/wp-content\/uploads\/2025\/04\/Foto-135x93.png",135,93,true]},"author_info":{"display_name":"Ines","author_link":"https:\/\/cpmimagazin.com\/?author=1"},"category_info":"<a href=\"https:\/\/cpmimagazin.com\/?cat=29\" rel=\"category\">BOGOT\u00c1<\/a> <a href=\"https:\/\/cpmimagazin.com\/?cat=1\" rel=\"category\">NOTICIAS<\/a> <a href=\"https:\/\/cpmimagazin.com\/?cat=25\" rel=\"category\">TURISMO<\/a> <a href=\"https:\/\/cpmimagazin.com\/?cat=4\" rel=\"category\">VIDEOS<\/a>","tag_info":"VIDEOS","comment_count":"2","_links":{"self":[{"href":"https:\/\/cpmimagazin.com\/index.php?rest_route=\/wp\/v2\/posts\/788","targetHints":{"allow":["GET"]}}],"collection":[{"href":"https:\/\/cpmimagazin.com\/index.php?rest_route=\/wp\/v2\/posts"}],"about":[{"href":"https:\/\/cpmimagazin.com\/index.php?rest_route=\/wp\/v2\/types\/post"}],"author":[{"embeddable":true,"href":"https:\/\/cpmimagazin.com\/index.php?rest_route=\/wp\/v2\/users\/1"}],"replies":[{"embeddable":true,"href":"https:\/\/cpmimagazin.com\/index.php?rest_route=%2Fwp%2Fv2%2Fcomments&post=788"}],"version-history":[{"count":1,"href":"https:\/\/cpmimagazin.com\/index.php?rest_route=\/wp\/v2\/posts\/788\/revisions"}],"predecessor-version":[{"id":790,"href":"https:\/\/cpmimagazin.com\/index.php?rest_route=\/wp\/v2\/posts\/788\/revisions\/790"}],"wp:featuredmedia":[{"embeddable":true,"href":"https:\/\/cpmimagazin.com\/index.php?rest_route=\/wp\/v2\/media\/789"}],"wp:attachment":[{"href":"https:\/\/cpmimagazin.com\/index.php?rest_route=%2Fwp%2Fv2%2Fmedia&parent=788"}],"wp:term":[{"taxonomy":"category","embeddable":true,"href":"https:\/\/cpmimagazin.com\/index.php?rest_route=%2Fwp%2Fv2%2Fcategories&post=788"},{"taxonomy":"post_tag","embeddable":true,"href":"https:\/\/cpmimagazin.com\/index.php?rest_route=%2Fwp%2Fv2%2Ftags&post=788"}],"curies":[{"name":"wp","href":"https:\/\/api.w.org\/{rel}","templated":true}]}}