{"id":794,"date":"2025-04-04T21:04:09","date_gmt":"2025-04-04T21:04:09","guid":{"rendered":"https:\/\/cpmimagazin.com\/?p=794"},"modified":"2025-04-04T21:04:10","modified_gmt":"2025-04-04T21:04:10","slug":"proyecto-para-proteger-y-restaurar-las-costas-avanza-en-comision-quinta-del-senado","status":"publish","type":"post","link":"https:\/\/cpmimagazin.com\/?p=794","title":{"rendered":"Proyecto para proteger y restaurar las costas avanza en Comisi\u00f3n Quinta del Senado"},"content":{"rendered":"<p>La c\u00e9lula legislativa aprob\u00f3 una iniciativa legislativa para frenar la erosi\u00f3n costera, restaurar los ecosistemas marinos y coordinar su gesti\u00f3n sostenible mediante un sistema interinstitucional.<br \/>\nPor Mar\u00eda Camila Fern\u00e1ndez<\/p>\n<p>Bogot\u00e1, 3 de abril de 2025 (Prensa Senado). La Comisi\u00f3n Quinta del Senado aprob\u00f3 el proyecto de ley que establece medidas para la sostenibilidad, restauraci\u00f3n e interinstitucionalidad del territorio marino y costero del pa\u00eds.<br \/>\nLa iniciativa busca regular la planificaci\u00f3n, implementaci\u00f3n y evaluaci\u00f3n de acciones para la protecci\u00f3n de estos ecosistemas, con un enfoque integral que permita garantizar su sostenibilidad ambiental.<br \/>\nEl Presidente de la Comisi\u00f3n Quinta del Senado y autor de la iniciativa, Marcos Daniel Pineda, del Partido Conservador, destac\u00f3 la urgencia de esta regulaci\u00f3n y dijo que \u201ces una iniciativa muy importante que busca salvar las playas de Colombia, que hoy se encuentran en estado de alerta\u201d.<br \/>\nEl Senador Pineda subray\u00f3 que \u201cel 50% del litoral se encuentra en alto riesgo de erosi\u00f3n, no solo por el cambio clim\u00e1tico, sino por la falta de planeaci\u00f3n territorial y el escaso control sobre el territorio costero por parte de muchos municipios\u201d.<br \/>\nPineda advirti\u00f3 que, de no tomar medidas oportunas, las consecuencias ser\u00edan devastadoras.<br \/>\n\u201cSe incrementar\u00e1 la erosi\u00f3n, desaparecer\u00e1n nuestras playas, corales y manglares, que son la protecci\u00f3n natural de estos ecosistemas. Tambi\u00e9n habr\u00e1 desplazamientos de comunidades costeras, p\u00e9rdidas econ\u00f3micas en turismo y pesca, y una mayor vulnerabilidad ante el cambio clim\u00e1tico\u201d, advirti\u00f3 el congresista.<br \/>\nEntre sus objetivos principales del proyecto de ley est\u00e1 la creaci\u00f3n del Sistema Bioce\u00e1nico Nacional, una entidad interinstitucional que coordine estrategias para la conservaci\u00f3n y el manejo sostenible de las zonas costeras, abordando problem\u00e1ticas como la erosi\u00f3n, el vertimiento de aguas residuales y el impacto del cambio clim\u00e1tico.<br \/>\nSobre este \u00faltimo punto, el Senador Pineda explic\u00f3 que \u201choy no hay un Sistema Bioce\u00e1nico Nacional, hoy hay un sistema integral, nacional, el SINA, pero no existe un sistema bioce\u00e1nico\u201d.<br \/>\nEn ese sentido, agreg\u00f3 que lo que se quiere \u201ccon esta iniciativa es crear un sistema interinstitucional que ayude a generar planes, pol\u00edticas y programas, para todo el ecosistema oceanico del pa\u00eds. No podemos dejarle esa responsabilidad al SINA\u201d.<br \/>\nLa senadora Catalina P\u00e9rez (Pacto Hist\u00f3rico) respald\u00f3 el proyecto y se\u00f1al\u00f3 que, \u201ccomo conocedora del territorio costero, es fundamental la defensa de nuestras costas y de los municipios que dependen de ellas\u201d.<br \/>\nTambi\u00e9n hizo hincapi\u00e9 en la participaci\u00f3n activa de las comunidades locales, que han sido las m\u00e1s afectadas por la erosi\u00f3n mar\u00edtima y el deterioro de los manglares.<br \/>\n\u201cEstos municipios, realmente, en las d\u00e9cadas anteriores viv\u00edan del turismo, viv\u00edan de la vida del mar, pero en estos momentos hay muchas dificultades para inclusive, el pescador artesanal, y el mal uso que han dado en el territorio a los manglares\u201d, agreg\u00f3 la congresista.<br \/>\nPor su parte, la senadora Isabel Cristina Zuleta (Pacto Hist\u00f3rico) mencion\u00f3 que \u201chay una causa estructural de los problemas de erosi\u00f3n y son los problemas de vertimientos de aguas residuales\u201d.<br \/>\nLa Senadora Zuleta advirti\u00f3 que \u201ccada municipio costero que no tenga una planta de tratamiento de aguas residuales y que no sepa donde verter sus aguas y lo haga al mar, est\u00e1 promoviendo la erosi\u00f3n costera\u201d.<br \/>\nEl senador Pablo Catatumbo (Partido Comunes) destac\u00f3 que \u201ceste proyecto, sin lugar a dudas, es muy beneficioso para los colombianos\u201d.<br \/>\nTras el debate, la Comisi\u00f3n Quinta aprob\u00f3 el proyecto en su primer debate y continuar\u00e1 su tr\u00e1mite en la Plenaria del Senado.<\/p>\n","protected":false},"excerpt":{"rendered":"<p>La c\u00e9lula legislativa aprob\u00f3 una iniciativa legislativa para frenar la erosi\u00f3n costera, restaurar los ecosistemas marinos y coordinar su gesti\u00f3n sostenible mediante un sistema interinstitucional. Por Mar\u00eda Camila Fern\u00e1ndez Bogot\u00e1, &hellip; <\/p>\n","protected":false},"author":1,"featured_media":795,"comment_status":"open","ping_status":"open","sticky":false,"template":"","format":"standard","meta":{"footnotes":""},"categories":[29,1],"tags":[],"class_list":["post-794","post","type-post","status-publish","format-standard","has-post-thumbnail","hentry","category-bogota","category-noticias"],"yoast_head":"<!-- This site is optimized with the Yoast SEO plugin v24.8.1 - https:\/\/yoast.com\/wordpress\/plugins\/seo\/ -->\n<title>Proyecto para proteger y restaurar las costas avanza en Comisi\u00f3n Quinta del Senado - Buenas noticias de Colombia<\/title>\n<meta name=\"robots\" content=\"index, follow, max-snippet:-1, max-image-preview:large, max-video-preview:-1\" \/>\n<link rel=\"canonical\" href=\"https:\/\/cpmimagazin.com\/?p=794\" \/>\n<meta property=\"og:locale\" content=\"es_ES\" \/>\n<meta property=\"og:type\" content=\"article\" \/>\n<meta property=\"og:title\" content=\"Proyecto para proteger y restaurar las costas avanza en Comisi\u00f3n Quinta del Senado - Buenas noticias de Colombia\" \/>\n<meta property=\"og:description\" content=\"La c\u00e9lula legislativa aprob\u00f3 una iniciativa legislativa para frenar la erosi\u00f3n costera, restaurar los ecosistemas marinos y coordinar su gesti\u00f3n sostenible mediante un sistema interinstitucional. Por Mar\u00eda Camila Fern\u00e1ndez Bogot\u00e1, &hellip;\" \/>\n<meta property=\"og:url\" content=\"https:\/\/cpmimagazin.com\/?p=794\" \/>\n<meta property=\"og:site_name\" content=\"Buenas noticias de Colombia\" \/>\n<meta property=\"article:published_time\" content=\"2025-04-04T21:04:09+00:00\" \/>\n<meta property=\"article:modified_time\" content=\"2025-04-04T21:04:10+00:00\" \/>\n<meta property=\"og:image\" content=\"https:\/\/cpmimagazin.com\/wp-content\/uploads\/2025\/04\/Senado-1.jpeg\" \/>\n\t<meta property=\"og:image:width\" content=\"1600\" \/>\n\t<meta property=\"og:image:height\" content=\"1066\" \/>\n\t<meta property=\"og:image:type\" content=\"image\/jpeg\" \/>\n<meta name=\"author\" content=\"Ines\" \/>\n<meta name=\"twitter:card\" content=\"summary_large_image\" \/>\n<meta name=\"twitter:label1\" content=\"Escrito por\" \/>\n\t<meta name=\"twitter:data1\" content=\"Ines\" \/>\n\t<meta name=\"twitter:label2\" content=\"Tiempo de lectura\" \/>\n\t<meta name=\"twitter:data2\" content=\"3 minutos\" \/>\n<script type=\"application\/ld+json\" class=\"yoast-schema-graph\">{\"@context\":\"https:\/\/schema.org\",\"@graph\":[{\"@type\":\"WebPage\",\"@id\":\"https:\/\/cpmimagazin.com\/?p=794\",\"url\":\"https:\/\/cpmimagazin.com\/?p=794\",\"name\":\"Proyecto para proteger y restaurar las costas avanza en Comisi\u00f3n Quinta del Senado - Buenas noticias de Colombia\",\"isPartOf\":{\"@id\":\"https:\/\/cpmimagazin.com\/#website\"},\"primaryImageOfPage\":{\"@id\":\"https:\/\/cpmimagazin.com\/?p=794#primaryimage\"},\"image\":{\"@id\":\"https:\/\/cpmimagazin.com\/?p=794#primaryimage\"},\"thumbnailUrl\":\"https:\/\/cpmimagazin.com\/wp-content\/uploads\/2025\/04\/Senado-1.jpeg\",\"datePublished\":\"2025-04-04T21:04:09+00:00\",\"dateModified\":\"2025-04-04T21:04:10+00:00\",\"author\":{\"@id\":\"https:\/\/cpmimagazin.com\/#\/schema\/person\/8b73e956994dc3114b861ce2e9ea62c8\"},\"breadcrumb\":{\"@id\":\"https:\/\/cpmimagazin.com\/?p=794#breadcrumb\"},\"inLanguage\":\"es-CO\",\"potentialAction\":[{\"@type\":\"ReadAction\",\"target\":[\"https:\/\/cpmimagazin.com\/?p=794\"]}]},{\"@type\":\"ImageObject\",\"inLanguage\":\"es-CO\",\"@id\":\"https:\/\/cpmimagazin.com\/?p=794#primaryimage\",\"url\":\"https:\/\/cpmimagazin.com\/wp-content\/uploads\/2025\/04\/Senado-1.jpeg\",\"contentUrl\":\"https:\/\/cpmimagazin.com\/wp-content\/uploads\/2025\/04\/Senado-1.jpeg\",\"width\":1600,\"height\":1066},{\"@type\":\"BreadcrumbList\",\"@id\":\"https:\/\/cpmimagazin.com\/?p=794#breadcrumb\",\"itemListElement\":[{\"@type\":\"ListItem\",\"position\":1,\"name\":\"Inicio\",\"item\":\"https:\/\/cpmimagazin.com\/\"},{\"@type\":\"ListItem\",\"position\":2,\"name\":\"Proyecto para proteger y restaurar las costas avanza en Comisi\u00f3n Quinta del Senado\"}]},{\"@type\":\"WebSite\",\"@id\":\"https:\/\/cpmimagazin.com\/#website\",\"url\":\"https:\/\/cpmimagazin.com\/\",\"name\":\"Buenas noticias de Colombia\",\"description\":\"Impulsamos historias que unen: juventud que inspira, adultos mayores que dejan huella. Descubre noticias, aprendizajes y el orgullo de nuestra gente, todo en \u201cMi Magazin\u201d. \u00a1S\u00e9 parte de una comunidad intergeneracional!\",\"potentialAction\":[{\"@type\":\"SearchAction\",\"target\":{\"@type\":\"EntryPoint\",\"urlTemplate\":\"https:\/\/cpmimagazin.com\/?s={search_term_string}\"},\"query-input\":{\"@type\":\"PropertyValueSpecification\",\"valueRequired\":true,\"valueName\":\"search_term_string\"}}],\"inLanguage\":\"es-CO\"},{\"@type\":\"Person\",\"@id\":\"https:\/\/cpmimagazin.com\/#\/schema\/person\/8b73e956994dc3114b861ce2e9ea62c8\",\"name\":\"Ines\",\"image\":{\"@type\":\"ImageObject\",\"inLanguage\":\"es-CO\",\"@id\":\"https:\/\/cpmimagazin.com\/#\/schema\/person\/image\/\",\"url\":\"https:\/\/secure.gravatar.com\/avatar\/d503d379e79ddcf53d45e12b964a724224aad794352599f500541027801754fc?s=96&d=mm&r=g\",\"contentUrl\":\"https:\/\/secure.gravatar.com\/avatar\/d503d379e79ddcf53d45e12b964a724224aad794352599f500541027801754fc?s=96&d=mm&r=g\",\"caption\":\"Ines\"},\"sameAs\":[\"https:\/\/cpmimagazin.com\"],\"url\":\"https:\/\/cpmimagazin.com\/?author=1\"}]}<\/script>\n<!-- \/ Yoast SEO plugin. -->","yoast_head_json":{"title":"Proyecto para proteger y restaurar las costas avanza en Comisi\u00f3n Quinta del Senado - Buenas noticias de Colombia","robots":{"index":"index","follow":"follow","max-snippet":"max-snippet:-1","max-image-preview":"max-image-preview:large","max-video-preview":"max-video-preview:-1"},"canonical":"https:\/\/cpmimagazin.com\/?p=794","og_locale":"es_ES","og_type":"article","og_title":"Proyecto para proteger y restaurar las costas avanza en Comisi\u00f3n Quinta del Senado - Buenas noticias de Colombia","og_description":"La c\u00e9lula legislativa aprob\u00f3 una iniciativa legislativa para frenar la erosi\u00f3n costera, restaurar los ecosistemas marinos y coordinar su gesti\u00f3n sostenible mediante un sistema interinstitucional. Por Mar\u00eda Camila Fern\u00e1ndez Bogot\u00e1, &hellip;","og_url":"https:\/\/cpmimagazin.com\/?p=794","og_site_name":"Buenas noticias de Colombia","article_published_time":"2025-04-04T21:04:09+00:00","article_modified_time":"2025-04-04T21:04:10+00:00","og_image":[{"width":1600,"height":1066,"url":"https:\/\/cpmimagazin.com\/wp-content\/uploads\/2025\/04\/Senado-1.jpeg","type":"image\/jpeg"}],"author":"Ines","twitter_card":"summary_large_image","twitter_misc":{"Escrito por":"Ines","Tiempo de lectura":"3 minutos"},"schema":{"@context":"https:\/\/schema.org","@graph":[{"@type":"WebPage","@id":"https:\/\/cpmimagazin.com\/?p=794","url":"https:\/\/cpmimagazin.com\/?p=794","name":"Proyecto para proteger y restaurar las costas avanza en Comisi\u00f3n Quinta del Senado - Buenas noticias de Colombia","isPartOf":{"@id":"https:\/\/cpmimagazin.com\/#website"},"primaryImageOfPage":{"@id":"https:\/\/cpmimagazin.com\/?p=794#primaryimage"},"image":{"@id":"https:\/\/cpmimagazin.com\/?p=794#primaryimage"},"thumbnailUrl":"https:\/\/cpmimagazin.com\/wp-content\/uploads\/2025\/04\/Senado-1.jpeg","datePublished":"2025-04-04T21:04:09+00:00","dateModified":"2025-04-04T21:04:10+00:00","author":{"@id":"https:\/\/cpmimagazin.com\/#\/schema\/person\/8b73e956994dc3114b861ce2e9ea62c8"},"breadcrumb":{"@id":"https:\/\/cpmimagazin.com\/?p=794#breadcrumb"},"inLanguage":"es-CO","potentialAction":[{"@type":"ReadAction","target":["https:\/\/cpmimagazin.com\/?p=794"]}]},{"@type":"ImageObject","inLanguage":"es-CO","@id":"https:\/\/cpmimagazin.com\/?p=794#primaryimage","url":"https:\/\/cpmimagazin.com\/wp-content\/uploads\/2025\/04\/Senado-1.jpeg","contentUrl":"https:\/\/cpmimagazin.com\/wp-content\/uploads\/2025\/04\/Senado-1.jpeg","width":1600,"height":1066},{"@type":"BreadcrumbList","@id":"https:\/\/cpmimagazin.com\/?p=794#breadcrumb","itemListElement":[{"@type":"ListItem","position":1,"name":"Inicio","item":"https:\/\/cpmimagazin.com\/"},{"@type":"ListItem","position":2,"name":"Proyecto para proteger y restaurar las costas avanza en Comisi\u00f3n Quinta del Senado"}]},{"@type":"WebSite","@id":"https:\/\/cpmimagazin.com\/#website","url":"https:\/\/cpmimagazin.com\/","name":"Buenas noticias de Colombia","description":"Impulsamos historias que unen: juventud que inspira, adultos mayores que dejan huella. Descubre noticias, aprendizajes y el orgullo de nuestra gente, todo en \u201cMi Magazin\u201d. \u00a1S\u00e9 parte de una comunidad intergeneracional!","potentialAction":[{"@type":"SearchAction","target":{"@type":"EntryPoint","urlTemplate":"https:\/\/cpmimagazin.com\/?s={search_term_string}"},"query-input":{"@type":"PropertyValueSpecification","valueRequired":true,"valueName":"search_term_string"}}],"inLanguage":"es-CO"},{"@type":"Person","@id":"https:\/\/cpmimagazin.com\/#\/schema\/person\/8b73e956994dc3114b861ce2e9ea62c8","name":"Ines","image":{"@type":"ImageObject","inLanguage":"es-CO","@id":"https:\/\/cpmimagazin.com\/#\/schema\/person\/image\/","url":"https:\/\/secure.gravatar.com\/avatar\/d503d379e79ddcf53d45e12b964a724224aad794352599f500541027801754fc?s=96&d=mm&r=g","contentUrl":"https:\/\/secure.gravatar.com\/avatar\/d503d379e79ddcf53d45e12b964a724224aad794352599f500541027801754fc?s=96&d=mm&r=g","caption":"Ines"},"sameAs":["https:\/\/cpmimagazin.com"],"url":"https:\/\/cpmimagazin.com\/?author=1"}]}},"featured_image_urls":{"full":["https:\/\/cpmimagazin.com\/wp-content\/uploads\/2025\/04\/Senado-1.jpeg",1600,1066,false],"thumbnail":["https:\/\/cpmimagazin.com\/wp-content\/uploads\/2025\/04\/Senado-1-150x150.jpeg",150,150,true],"medium":["https:\/\/cpmimagazin.com\/wp-content\/uploads\/2025\/04\/Senado-1-300x200.jpeg",300,200,true],"medium_large":["https:\/\/cpmimagazin.com\/wp-content\/uploads\/2025\/04\/Senado-1-768x512.jpeg",735,490,true],"large":["https:\/\/cpmimagazin.com\/wp-content\/uploads\/2025\/04\/Senado-1-1024x682.jpeg",735,490,true],"1536x1536":["https:\/\/cpmimagazin.com\/wp-content\/uploads\/2025\/04\/Senado-1-1536x1023.jpeg",1536,1023,true],"2048x2048":["https:\/\/cpmimagazin.com\/wp-content\/uploads\/2025\/04\/Senado-1.jpeg",1600,1066,false],"hitmag-landscape":["https:\/\/cpmimagazin.com\/wp-content\/uploads\/2025\/04\/Senado-1-1120x450.jpeg",1120,450,true],"hitmag-featured":["https:\/\/cpmimagazin.com\/wp-content\/uploads\/2025\/04\/Senado-1-735x400.jpeg",735,400,true],"hitmag-grid":["https:\/\/cpmimagazin.com\/wp-content\/uploads\/2025\/04\/Senado-1-348x215.jpeg",348,215,true],"hitmag-list":["https:\/\/cpmimagazin.com\/wp-content\/uploads\/2025\/04\/Senado-1-290x220.jpeg",290,220,true],"hitmag-thumbnail":["https:\/\/cpmimagazin.com\/wp-content\/uploads\/2025\/04\/Senado-1-135x93.jpeg",135,93,true]},"author_info":{"display_name":"Ines","author_link":"https:\/\/cpmimagazin.com\/?author=1"},"category_info":"<a href=\"https:\/\/cpmimagazin.com\/?cat=29\" rel=\"category\">BOGOT\u00c1<\/a> <a href=\"https:\/\/cpmimagazin.com\/?cat=1\" rel=\"category\">NOTICIAS<\/a>","tag_info":"NOTICIAS","comment_count":"0","_links":{"self":[{"href":"https:\/\/cpmimagazin.com\/index.php?rest_route=\/wp\/v2\/posts\/794","targetHints":{"allow":["GET"]}}],"collection":[{"href":"https:\/\/cpmimagazin.com\/index.php?rest_route=\/wp\/v2\/posts"}],"about":[{"href":"https:\/\/cpmimagazin.com\/index.php?rest_route=\/wp\/v2\/types\/post"}],"author":[{"embeddable":true,"href":"https:\/\/cpmimagazin.com\/index.php?rest_route=\/wp\/v2\/users\/1"}],"replies":[{"embeddable":true,"href":"https:\/\/cpmimagazin.com\/index.php?rest_route=%2Fwp%2Fv2%2Fcomments&post=794"}],"version-history":[{"count":1,"href":"https:\/\/cpmimagazin.com\/index.php?rest_route=\/wp\/v2\/posts\/794\/revisions"}],"predecessor-version":[{"id":796,"href":"https:\/\/cpmimagazin.com\/index.php?rest_route=\/wp\/v2\/posts\/794\/revisions\/796"}],"wp:featuredmedia":[{"embeddable":true,"href":"https:\/\/cpmimagazin.com\/index.php?rest_route=\/wp\/v2\/media\/795"}],"wp:attachment":[{"href":"https:\/\/cpmimagazin.com\/index.php?rest_route=%2Fwp%2Fv2%2Fmedia&parent=794"}],"wp:term":[{"taxonomy":"category","embeddable":true,"href":"https:\/\/cpmimagazin.com\/index.php?rest_route=%2Fwp%2Fv2%2Fcategories&post=794"},{"taxonomy":"post_tag","embeddable":true,"href":"https:\/\/cpmimagazin.com\/index.php?rest_route=%2Fwp%2Fv2%2Ftags&post=794"}],"curies":[{"name":"wp","href":"https:\/\/api.w.org\/{rel}","templated":true}]}}