{"id":821,"date":"2025-04-04T22:50:03","date_gmt":"2025-04-04T22:50:03","guid":{"rendered":"https:\/\/cpmimagazin.com\/?p=821"},"modified":"2025-04-04T22:50:04","modified_gmt":"2025-04-04T22:50:04","slug":"comunicado-a-la-opinion-publica","status":"publish","type":"post","link":"https:\/\/cpmimagazin.com\/?p=821","title":{"rendered":"Comunicado a la opini\u00f3n p\u00fablica"},"content":{"rendered":"<p>Valle de Tenza &#8211; Boyac\u00e1, 4 de abril de 2025. La Federaci\u00f3n Colombiana de Municipios informa a la opini\u00f3n p\u00fablica que en el marco de la reuni\u00f3n ordinaria del Consejo Ejecutivo, en su calidad de \u00f3rgano competente, ha decidido:<br \/>\nConfirmar el proceso electoral realizado el pasado 21 de marzo de 2025, mediante el cual se eligieron los representantes de los Alcaldes y Alcaldesas de los municipios PDET ante el OCAD PAZ, en cumplimiento del marco constitucional y legal, en especial Art. 361 CP y Decreto Ley 893 de 2017 y Resoluci\u00f3n 002 de 2025 de la Federaci\u00f3n.<br \/>\nLo anterior, luego de que la Federaci\u00f3n Colombiana de Municipios realizara el proceso de revisi\u00f3n de la documentaci\u00f3n soporte del proceso electoral en acompa\u00f1amiento de los delegados de cada una de las f\u00f3rmulas participantes y en desarrollo del compromiso adquirido por la Federaci\u00f3n ante la Secretar\u00eda de Transparencia de la Presidencia de la Rep\u00fablica.<br \/>\nY tal como se anunci\u00f3, el Consejo Ejecutivo escuch\u00f3 en audiencia al doctor Gabriel Murillo Argel, alcalde de Zambrano (Bol\u00edvar), impugnante al proceso electoral; analiz\u00f3 el informe resultante de la revisi\u00f3n documental, as\u00ed como tambi\u00e9n escuch\u00f3 las intervenciones de las partes interesadas. Como resultado de este ejercicio, tom\u00f3 la decisi\u00f3n un\u00e1nime de ratificar los resultados electorales, llevados a cabo el pasado 21 de marzo del a\u00f1o en curso.<br \/>\nEn consecuencia, se ratifican como representantes oficiales ante el OCAD PAZ para el periodo comprendido entre el 1 de abril de 2025 y el 31 de marzo de 2026 a los siguientes mandatarios:<br \/>\nTitulares:<br \/>\nDr. Marlon Monsalve Ascanio, Alcalde de Florencia \u2013 Caquet\u00e1.<br \/>\nDr. Hailton Perea Chaverra, Alcalde de Bojay\u00e1 \u2013 Choc\u00f3.<br \/>\nSuplentes:<br \/>\nDr. Walter Z\u00fa\u00f1iga Barona, Alcalde de Miranda \u2013 Cauca.<br \/>\nDr. Noe de Jes\u00fas Espinosa V\u00e1squez, Alcalde de Brice\u00f1o \u2013 Antioquia.<br \/>\nLa Federaci\u00f3n Colombiana de Municipios reafirma su imprescindible compromiso con los territorios, especialmente aquellos priorizados por los Programas de Desarrollo con Enfoque Territorial (PDET).<br \/>\nComo entidad que representa y acompa\u00f1a a los gobiernos locales, la Federaci\u00f3n continuar\u00e1 trabajando por el fortalecimiento de las capacidades institucionales de los municipios, brindando asesor\u00eda t\u00e9cnica y jur\u00eddica, y promoviendo espacios de participaci\u00f3n efectiva que garanticen decisiones concertadas, transparentes y orientadas al bienestar de las comunidades m\u00e1s afectadas por el conflicto. Creemos firmemente que la paz y el desarrollo se construyen desde lo local, con liderazgo municipal, recursos adecuados y articulaci\u00f3n institucional.<br \/>\nAsimismo, solicitamos que los alcaldes de Florencia \u2013 Caquet\u00e1 y Bojay\u00e1 \u2013 Choc\u00f3 sean amablemente citados a la pr\u00f3xima reuni\u00f3n citada para el 10 de abril de 2025 del \u00f3rgano colegiado para el cual fueron elegidos.<\/p>\n","protected":false},"excerpt":{"rendered":"<p>Valle de Tenza &#8211; Boyac\u00e1, 4 de abril de 2025. La Federaci\u00f3n Colombiana de Municipios informa a la opini\u00f3n p\u00fablica que en el marco de la reuni\u00f3n ordinaria del Consejo &hellip; <\/p>\n","protected":false},"author":1,"featured_media":822,"comment_status":"closed","ping_status":"closed","sticky":false,"template":"","format":"standard","meta":{"footnotes":""},"categories":[29,1,25],"tags":[],"class_list":["post-821","post","type-post","status-publish","format-standard","has-post-thumbnail","hentry","category-bogota","category-noticias","category-turismo"],"yoast_head":"<!-- This site is optimized with the Yoast SEO plugin v24.8.1 - https:\/\/yoast.com\/wordpress\/plugins\/seo\/ -->\n<title>Comunicado a la opini\u00f3n p\u00fablica - Buenas noticias de Colombia<\/title>\n<meta name=\"robots\" content=\"index, follow, max-snippet:-1, max-image-preview:large, max-video-preview:-1\" \/>\n<link rel=\"canonical\" href=\"https:\/\/cpmimagazin.com\/?p=821\" \/>\n<meta property=\"og:locale\" content=\"es_ES\" \/>\n<meta property=\"og:type\" content=\"article\" \/>\n<meta property=\"og:title\" content=\"Comunicado a la opini\u00f3n p\u00fablica - Buenas noticias de Colombia\" \/>\n<meta property=\"og:description\" content=\"Valle de Tenza &#8211; Boyac\u00e1, 4 de abril de 2025. La Federaci\u00f3n Colombiana de Municipios informa a la opini\u00f3n p\u00fablica que en el marco de la reuni\u00f3n ordinaria del Consejo &hellip;\" \/>\n<meta property=\"og:url\" content=\"https:\/\/cpmimagazin.com\/?p=821\" \/>\n<meta property=\"og:site_name\" content=\"Buenas noticias de Colombia\" \/>\n<meta property=\"article:published_time\" content=\"2025-04-04T22:50:03+00:00\" \/>\n<meta property=\"article:modified_time\" content=\"2025-04-04T22:50:04+00:00\" \/>\n<meta property=\"og:image\" content=\"https:\/\/cpmimagazin.com\/wp-content\/uploads\/2025\/04\/Municipios-scaled.jpg\" \/>\n\t<meta property=\"og:image:width\" content=\"2560\" \/>\n\t<meta property=\"og:image:height\" content=\"1920\" \/>\n\t<meta property=\"og:image:type\" content=\"image\/jpeg\" \/>\n<meta name=\"author\" content=\"Ines\" \/>\n<meta name=\"twitter:card\" content=\"summary_large_image\" \/>\n<meta name=\"twitter:label1\" content=\"Escrito por\" \/>\n\t<meta name=\"twitter:data1\" content=\"Ines\" \/>\n\t<meta name=\"twitter:label2\" content=\"Tiempo de lectura\" \/>\n\t<meta name=\"twitter:data2\" content=\"3 minutos\" \/>\n<script type=\"application\/ld+json\" class=\"yoast-schema-graph\">{\"@context\":\"https:\/\/schema.org\",\"@graph\":[{\"@type\":\"WebPage\",\"@id\":\"https:\/\/cpmimagazin.com\/?p=821\",\"url\":\"https:\/\/cpmimagazin.com\/?p=821\",\"name\":\"Comunicado a la opini\u00f3n p\u00fablica - Buenas noticias de Colombia\",\"isPartOf\":{\"@id\":\"https:\/\/cpmimagazin.com\/#website\"},\"primaryImageOfPage\":{\"@id\":\"https:\/\/cpmimagazin.com\/?p=821#primaryimage\"},\"image\":{\"@id\":\"https:\/\/cpmimagazin.com\/?p=821#primaryimage\"},\"thumbnailUrl\":\"https:\/\/cpmimagazin.com\/wp-content\/uploads\/2025\/04\/Municipios-scaled.jpg\",\"datePublished\":\"2025-04-04T22:50:03+00:00\",\"dateModified\":\"2025-04-04T22:50:04+00:00\",\"author\":{\"@id\":\"https:\/\/cpmimagazin.com\/#\/schema\/person\/8b73e956994dc3114b861ce2e9ea62c8\"},\"breadcrumb\":{\"@id\":\"https:\/\/cpmimagazin.com\/?p=821#breadcrumb\"},\"inLanguage\":\"es-CO\",\"potentialAction\":[{\"@type\":\"ReadAction\",\"target\":[\"https:\/\/cpmimagazin.com\/?p=821\"]}]},{\"@type\":\"ImageObject\",\"inLanguage\":\"es-CO\",\"@id\":\"https:\/\/cpmimagazin.com\/?p=821#primaryimage\",\"url\":\"https:\/\/cpmimagazin.com\/wp-content\/uploads\/2025\/04\/Municipios-scaled.jpg\",\"contentUrl\":\"https:\/\/cpmimagazin.com\/wp-content\/uploads\/2025\/04\/Municipios-scaled.jpg\",\"width\":2560,\"height\":1920},{\"@type\":\"BreadcrumbList\",\"@id\":\"https:\/\/cpmimagazin.com\/?p=821#breadcrumb\",\"itemListElement\":[{\"@type\":\"ListItem\",\"position\":1,\"name\":\"Inicio\",\"item\":\"https:\/\/cpmimagazin.com\/\"},{\"@type\":\"ListItem\",\"position\":2,\"name\":\"Comunicado a la opini\u00f3n p\u00fablica\"}]},{\"@type\":\"WebSite\",\"@id\":\"https:\/\/cpmimagazin.com\/#website\",\"url\":\"https:\/\/cpmimagazin.com\/\",\"name\":\"Buenas noticias de Colombia\",\"description\":\"Impulsamos historias que unen: juventud que inspira, adultos mayores que dejan huella. Descubre noticias, aprendizajes y el orgullo de nuestra gente, todo en \u201cMi Magazin\u201d. \u00a1S\u00e9 parte de una comunidad intergeneracional!\",\"potentialAction\":[{\"@type\":\"SearchAction\",\"target\":{\"@type\":\"EntryPoint\",\"urlTemplate\":\"https:\/\/cpmimagazin.com\/?s={search_term_string}\"},\"query-input\":{\"@type\":\"PropertyValueSpecification\",\"valueRequired\":true,\"valueName\":\"search_term_string\"}}],\"inLanguage\":\"es-CO\"},{\"@type\":\"Person\",\"@id\":\"https:\/\/cpmimagazin.com\/#\/schema\/person\/8b73e956994dc3114b861ce2e9ea62c8\",\"name\":\"Ines\",\"image\":{\"@type\":\"ImageObject\",\"inLanguage\":\"es-CO\",\"@id\":\"https:\/\/cpmimagazin.com\/#\/schema\/person\/image\/\",\"url\":\"https:\/\/secure.gravatar.com\/avatar\/d503d379e79ddcf53d45e12b964a724224aad794352599f500541027801754fc?s=96&d=mm&r=g\",\"contentUrl\":\"https:\/\/secure.gravatar.com\/avatar\/d503d379e79ddcf53d45e12b964a724224aad794352599f500541027801754fc?s=96&d=mm&r=g\",\"caption\":\"Ines\"},\"sameAs\":[\"https:\/\/cpmimagazin.com\"],\"url\":\"https:\/\/cpmimagazin.com\/?author=1\"}]}<\/script>\n<!-- \/ Yoast SEO plugin. -->","yoast_head_json":{"title":"Comunicado a la opini\u00f3n p\u00fablica - Buenas noticias de Colombia","robots":{"index":"index","follow":"follow","max-snippet":"max-snippet:-1","max-image-preview":"max-image-preview:large","max-video-preview":"max-video-preview:-1"},"canonical":"https:\/\/cpmimagazin.com\/?p=821","og_locale":"es_ES","og_type":"article","og_title":"Comunicado a la opini\u00f3n p\u00fablica - Buenas noticias de Colombia","og_description":"Valle de Tenza &#8211; Boyac\u00e1, 4 de abril de 2025. La Federaci\u00f3n Colombiana de Municipios informa a la opini\u00f3n p\u00fablica que en el marco de la reuni\u00f3n ordinaria del Consejo &hellip;","og_url":"https:\/\/cpmimagazin.com\/?p=821","og_site_name":"Buenas noticias de Colombia","article_published_time":"2025-04-04T22:50:03+00:00","article_modified_time":"2025-04-04T22:50:04+00:00","og_image":[{"width":2560,"height":1920,"url":"https:\/\/cpmimagazin.com\/wp-content\/uploads\/2025\/04\/Municipios-scaled.jpg","type":"image\/jpeg"}],"author":"Ines","twitter_card":"summary_large_image","twitter_misc":{"Escrito por":"Ines","Tiempo de lectura":"3 minutos"},"schema":{"@context":"https:\/\/schema.org","@graph":[{"@type":"WebPage","@id":"https:\/\/cpmimagazin.com\/?p=821","url":"https:\/\/cpmimagazin.com\/?p=821","name":"Comunicado a la opini\u00f3n p\u00fablica - Buenas noticias de Colombia","isPartOf":{"@id":"https:\/\/cpmimagazin.com\/#website"},"primaryImageOfPage":{"@id":"https:\/\/cpmimagazin.com\/?p=821#primaryimage"},"image":{"@id":"https:\/\/cpmimagazin.com\/?p=821#primaryimage"},"thumbnailUrl":"https:\/\/cpmimagazin.com\/wp-content\/uploads\/2025\/04\/Municipios-scaled.jpg","datePublished":"2025-04-04T22:50:03+00:00","dateModified":"2025-04-04T22:50:04+00:00","author":{"@id":"https:\/\/cpmimagazin.com\/#\/schema\/person\/8b73e956994dc3114b861ce2e9ea62c8"},"breadcrumb":{"@id":"https:\/\/cpmimagazin.com\/?p=821#breadcrumb"},"inLanguage":"es-CO","potentialAction":[{"@type":"ReadAction","target":["https:\/\/cpmimagazin.com\/?p=821"]}]},{"@type":"ImageObject","inLanguage":"es-CO","@id":"https:\/\/cpmimagazin.com\/?p=821#primaryimage","url":"https:\/\/cpmimagazin.com\/wp-content\/uploads\/2025\/04\/Municipios-scaled.jpg","contentUrl":"https:\/\/cpmimagazin.com\/wp-content\/uploads\/2025\/04\/Municipios-scaled.jpg","width":2560,"height":1920},{"@type":"BreadcrumbList","@id":"https:\/\/cpmimagazin.com\/?p=821#breadcrumb","itemListElement":[{"@type":"ListItem","position":1,"name":"Inicio","item":"https:\/\/cpmimagazin.com\/"},{"@type":"ListItem","position":2,"name":"Comunicado a la opini\u00f3n p\u00fablica"}]},{"@type":"WebSite","@id":"https:\/\/cpmimagazin.com\/#website","url":"https:\/\/cpmimagazin.com\/","name":"Buenas noticias de Colombia","description":"Impulsamos historias que unen: juventud que inspira, adultos mayores que dejan huella. Descubre noticias, aprendizajes y el orgullo de nuestra gente, todo en \u201cMi Magazin\u201d. \u00a1S\u00e9 parte de una comunidad intergeneracional!","potentialAction":[{"@type":"SearchAction","target":{"@type":"EntryPoint","urlTemplate":"https:\/\/cpmimagazin.com\/?s={search_term_string}"},"query-input":{"@type":"PropertyValueSpecification","valueRequired":true,"valueName":"search_term_string"}}],"inLanguage":"es-CO"},{"@type":"Person","@id":"https:\/\/cpmimagazin.com\/#\/schema\/person\/8b73e956994dc3114b861ce2e9ea62c8","name":"Ines","image":{"@type":"ImageObject","inLanguage":"es-CO","@id":"https:\/\/cpmimagazin.com\/#\/schema\/person\/image\/","url":"https:\/\/secure.gravatar.com\/avatar\/d503d379e79ddcf53d45e12b964a724224aad794352599f500541027801754fc?s=96&d=mm&r=g","contentUrl":"https:\/\/secure.gravatar.com\/avatar\/d503d379e79ddcf53d45e12b964a724224aad794352599f500541027801754fc?s=96&d=mm&r=g","caption":"Ines"},"sameAs":["https:\/\/cpmimagazin.com"],"url":"https:\/\/cpmimagazin.com\/?author=1"}]}},"featured_image_urls":{"full":["https:\/\/cpmimagazin.com\/wp-content\/uploads\/2025\/04\/Municipios-scaled.jpg",2560,1920,false],"thumbnail":["https:\/\/cpmimagazin.com\/wp-content\/uploads\/2025\/04\/Municipios-150x150.jpg",150,150,true],"medium":["https:\/\/cpmimagazin.com\/wp-content\/uploads\/2025\/04\/Municipios-300x225.jpg",300,225,true],"medium_large":["https:\/\/cpmimagazin.com\/wp-content\/uploads\/2025\/04\/Municipios-768x576.jpg",735,551,true],"large":["https:\/\/cpmimagazin.com\/wp-content\/uploads\/2025\/04\/Municipios-1024x768.jpg",735,551,true],"1536x1536":["https:\/\/cpmimagazin.com\/wp-content\/uploads\/2025\/04\/Municipios-1536x1152.jpg",1536,1152,true],"2048x2048":["https:\/\/cpmimagazin.com\/wp-content\/uploads\/2025\/04\/Municipios-2048x1536.jpg",2048,1536,true],"hitmag-landscape":["https:\/\/cpmimagazin.com\/wp-content\/uploads\/2025\/04\/Municipios-1120x450.jpg",1120,450,true],"hitmag-featured":["https:\/\/cpmimagazin.com\/wp-content\/uploads\/2025\/04\/Municipios-735x400.jpg",735,400,true],"hitmag-grid":["https:\/\/cpmimagazin.com\/wp-content\/uploads\/2025\/04\/Municipios-348x215.jpg",348,215,true],"hitmag-list":["https:\/\/cpmimagazin.com\/wp-content\/uploads\/2025\/04\/Municipios-290x220.jpg",290,220,true],"hitmag-thumbnail":["https:\/\/cpmimagazin.com\/wp-content\/uploads\/2025\/04\/Municipios-135x93.jpg",135,93,true]},"author_info":{"display_name":"Ines","author_link":"https:\/\/cpmimagazin.com\/?author=1"},"category_info":"<a href=\"https:\/\/cpmimagazin.com\/?cat=29\" rel=\"category\">BOGOT\u00c1<\/a> <a href=\"https:\/\/cpmimagazin.com\/?cat=1\" rel=\"category\">NOTICIAS<\/a> <a href=\"https:\/\/cpmimagazin.com\/?cat=25\" rel=\"category\">TURISMO<\/a>","tag_info":"TURISMO","comment_count":"0","_links":{"self":[{"href":"https:\/\/cpmimagazin.com\/index.php?rest_route=\/wp\/v2\/posts\/821","targetHints":{"allow":["GET"]}}],"collection":[{"href":"https:\/\/cpmimagazin.com\/index.php?rest_route=\/wp\/v2\/posts"}],"about":[{"href":"https:\/\/cpmimagazin.com\/index.php?rest_route=\/wp\/v2\/types\/post"}],"author":[{"embeddable":true,"href":"https:\/\/cpmimagazin.com\/index.php?rest_route=\/wp\/v2\/users\/1"}],"replies":[{"embeddable":true,"href":"https:\/\/cpmimagazin.com\/index.php?rest_route=%2Fwp%2Fv2%2Fcomments&post=821"}],"version-history":[{"count":1,"href":"https:\/\/cpmimagazin.com\/index.php?rest_route=\/wp\/v2\/posts\/821\/revisions"}],"predecessor-version":[{"id":823,"href":"https:\/\/cpmimagazin.com\/index.php?rest_route=\/wp\/v2\/posts\/821\/revisions\/823"}],"wp:featuredmedia":[{"embeddable":true,"href":"https:\/\/cpmimagazin.com\/index.php?rest_route=\/wp\/v2\/media\/822"}],"wp:attachment":[{"href":"https:\/\/cpmimagazin.com\/index.php?rest_route=%2Fwp%2Fv2%2Fmedia&parent=821"}],"wp:term":[{"taxonomy":"category","embeddable":true,"href":"https:\/\/cpmimagazin.com\/index.php?rest_route=%2Fwp%2Fv2%2Fcategories&post=821"},{"taxonomy":"post_tag","embeddable":true,"href":"https:\/\/cpmimagazin.com\/index.php?rest_route=%2Fwp%2Fv2%2Ftags&post=821"}],"curies":[{"name":"wp","href":"https:\/\/api.w.org\/{rel}","templated":true}]}}