{"id":963,"date":"2025-05-07T18:59:11","date_gmt":"2025-05-07T18:59:11","guid":{"rendered":"https:\/\/cpmimagazin.com\/?p=963"},"modified":"2025-05-07T18:59:12","modified_gmt":"2025-05-07T18:59:12","slug":"team-boyaca-es-para-vivirla-acaricio-el-triunfo-en-la-vuelta-de-la-juventud-con-sebastian-albarracin","status":"publish","type":"post","link":"https:\/\/cpmimagazin.com\/?p=963","title":{"rendered":"Team Boyac\u00e1 es Para Vivirla acarici\u00f3 el triunfo en la Vuelta de la Juventud con Sebasti\u00e1n Albarrac\u00edn"},"content":{"rendered":"\n<div class=\"wp-block-group\"><div class=\"wp-block-group__inner-container is-layout-constrained wp-block-group-is-layout-constrained\">\n<p><strong>El conjunto boyacense fue protagonista en la llegada al municipio de Tibasosa.<\/strong><\/p>\n\n\n\n<p class=\"has-text-align-right\"><strong>Tunja, 6 de mayo de 2025. (UACP).<\/strong>&nbsp;Con pie derecho iniciaron este martes los corredores del Team Boyac\u00e1 es Para Vivirla su participaci\u00f3n en la Vuelta de la Juventud.<\/p>\n\n\n\n<p class=\"has-text-align-right\">En una estelar batalla al sprint, el duitamense Sebasti\u00e1n Albarrac\u00edn se qued\u00f3 con un meritorio segundo lugar en l\u00ednea de meta de la primera etapa de esta competencia que arrib\u00f3 al municipio de Tibasosa.<\/p>\n\n\n\n<p class=\"has-text-align-right\">La constante lluvia y una fuga conformada desde los primeros 30 kil\u00f3metros de carrera, marcaron el destino final de esta jornada desarrollada sobre 171 kil\u00f3metros entre Sop\u00f3 y Tibasosa. Escapada que los pedalistas boyacenses lograron integrar para cerrar con un gran resultado.<\/p>\n\n\n\n<p class=\"has-text-align-right\"><em>\u201cVen\u00edamos buscando la etapa, hoy estuvimos muy cerca, sabemos que la carrera hasta ahora est\u00e1 iniciando y tenemos muchas oportunidades m\u00e1s. Estamos muy contentos por el rendimiento de todo el equipo. Hoy lo hicimos muy bien. Tenemos muy buenos corredores y estamos muy pendientes de estar adelante, peleando esta carrera\u201d, manifest\u00f3 el Sebasti\u00e1n Albarrac\u00edn, que adem\u00e1s es segundo en la clasificaci\u00f3n general.<\/em><\/p>\n\n\n\n<p class=\"has-text-align-right\">A lo largo de los kil\u00f3metros, los corredores del equipo apoyado por la Gobernaci\u00f3n de Boyac\u00e1, Indeportes Boyac\u00e1 y el Programa Boyac\u00e1 Raza de Campeones, Johan Hern\u00e1ndez, Brayan Molano y Camilo \u00c1lvarez se mostraron s\u00f3lidos y aportantes a la causa de Albarrac\u00edn, que finalmente ser\u00eda el hombre encargado de rematar un estupendo trabajo de equipo.<\/p>\n\n\n\n<p class=\"has-text-align-right\">En meta y luego de un loable y destacado trabajo para el velocista principal del conjunto boyacense, Hern\u00e1ndez, Molano y \u00c1lvarez, arribaron a la meta dentro del grupo cabeza de carrera, en las posiciones 19, 20 y 21, respectivamente.<\/p>\n\n\n\n<p class=\"has-text-align-right\">En la clasificaci\u00f3n por equipos de la etapa y general, el Team Boyac\u00e1 es Para Vivirla ocupa el segundo lugar, a tan solo tres segundos del GW Erco Shimano.<\/p>\n\n\n\n<p class=\"has-text-align-right\">En la monta\u00f1a, el conjunto boyacense sobresali\u00f3 con Camilo \u00c1lvarez que sum\u00f3 unidades en el primer y tercer paso puntuable de la escalada y entr\u00f3 en la pelea por esta modalidad.<\/p>\n\n\n\n<p class=\"has-text-align-right\">Este mi\u00e9rcoles 7 de mayo, la segunda etapa de la prueba nacional sub &#8211; 23 dejar\u00e1 territorio boyacense, partiendo de Paipa rumbo a Tocancip\u00e1, donde estar\u00e1 ubicado el punto de meta, luego de 158 kil\u00f3metros recorrido.<\/p>\n<\/div><\/div>\n\n\n\n<p><\/p>\n","protected":false},"excerpt":{"rendered":"<p>El conjunto boyacense fue protagonista en la llegada al municipio de Tibasosa. Tunja, 6 de mayo de 2025. (UACP).&nbsp;Con pie derecho iniciaron este martes los corredores del Team Boyac\u00e1 es &hellip; <\/p>\n","protected":false},"author":1,"featured_media":964,"comment_status":"closed","ping_status":"closed","sticky":false,"template":"","format":"standard","meta":{"footnotes":""},"categories":[1,30,25],"tags":[],"class_list":["post-963","post","type-post","status-publish","format-standard","has-post-thumbnail","hentry","category-noticias","category-region","category-turismo"],"yoast_head":"<!-- This site is optimized with the Yoast SEO plugin v24.8.1 - https:\/\/yoast.com\/wordpress\/plugins\/seo\/ -->\n<title>Team Boyac\u00e1 es Para Vivirla acarici\u00f3 el triunfo en la Vuelta de la Juventud con Sebasti\u00e1n Albarrac\u00edn - Buenas noticias de Colombia<\/title>\n<meta name=\"robots\" content=\"index, follow, max-snippet:-1, max-image-preview:large, max-video-preview:-1\" \/>\n<link rel=\"canonical\" href=\"https:\/\/cpmimagazin.com\/?p=963\" \/>\n<meta property=\"og:locale\" content=\"es_ES\" \/>\n<meta property=\"og:type\" content=\"article\" \/>\n<meta property=\"og:title\" content=\"Team Boyac\u00e1 es Para Vivirla acarici\u00f3 el triunfo en la Vuelta de la Juventud con Sebasti\u00e1n Albarrac\u00edn - Buenas noticias de Colombia\" \/>\n<meta property=\"og:description\" content=\"El conjunto boyacense fue protagonista en la llegada al municipio de Tibasosa. Tunja, 6 de mayo de 2025. (UACP).&nbsp;Con pie derecho iniciaron este martes los corredores del Team Boyac\u00e1 es &hellip;\" \/>\n<meta property=\"og:url\" content=\"https:\/\/cpmimagazin.com\/?p=963\" \/>\n<meta property=\"og:site_name\" content=\"Buenas noticias de Colombia\" \/>\n<meta property=\"article:published_time\" content=\"2025-05-07T18:59:11+00:00\" \/>\n<meta property=\"article:modified_time\" content=\"2025-05-07T18:59:12+00:00\" \/>\n<meta property=\"og:image\" content=\"https:\/\/cpmimagazin.com\/wp-content\/uploads\/2025\/05\/b1.png\" \/>\n\t<meta property=\"og:image:width\" content=\"831\" \/>\n\t<meta property=\"og:image:height\" content=\"530\" \/>\n\t<meta property=\"og:image:type\" content=\"image\/png\" \/>\n<meta name=\"author\" content=\"Ines\" \/>\n<meta name=\"twitter:card\" content=\"summary_large_image\" \/>\n<meta name=\"twitter:label1\" content=\"Escrito por\" \/>\n\t<meta name=\"twitter:data1\" content=\"Ines\" \/>\n\t<meta name=\"twitter:label2\" content=\"Tiempo de lectura\" \/>\n\t<meta name=\"twitter:data2\" content=\"2 minutos\" \/>\n<script type=\"application\/ld+json\" class=\"yoast-schema-graph\">{\"@context\":\"https:\/\/schema.org\",\"@graph\":[{\"@type\":\"WebPage\",\"@id\":\"https:\/\/cpmimagazin.com\/?p=963\",\"url\":\"https:\/\/cpmimagazin.com\/?p=963\",\"name\":\"Team Boyac\u00e1 es Para Vivirla acarici\u00f3 el triunfo en la Vuelta de la Juventud con Sebasti\u00e1n Albarrac\u00edn - Buenas noticias de Colombia\",\"isPartOf\":{\"@id\":\"https:\/\/cpmimagazin.com\/#website\"},\"primaryImageOfPage\":{\"@id\":\"https:\/\/cpmimagazin.com\/?p=963#primaryimage\"},\"image\":{\"@id\":\"https:\/\/cpmimagazin.com\/?p=963#primaryimage\"},\"thumbnailUrl\":\"https:\/\/cpmimagazin.com\/wp-content\/uploads\/2025\/05\/b1.png\",\"datePublished\":\"2025-05-07T18:59:11+00:00\",\"dateModified\":\"2025-05-07T18:59:12+00:00\",\"author\":{\"@id\":\"https:\/\/cpmimagazin.com\/#\/schema\/person\/8b73e956994dc3114b861ce2e9ea62c8\"},\"breadcrumb\":{\"@id\":\"https:\/\/cpmimagazin.com\/?p=963#breadcrumb\"},\"inLanguage\":\"es-CO\",\"potentialAction\":[{\"@type\":\"ReadAction\",\"target\":[\"https:\/\/cpmimagazin.com\/?p=963\"]}]},{\"@type\":\"ImageObject\",\"inLanguage\":\"es-CO\",\"@id\":\"https:\/\/cpmimagazin.com\/?p=963#primaryimage\",\"url\":\"https:\/\/cpmimagazin.com\/wp-content\/uploads\/2025\/05\/b1.png\",\"contentUrl\":\"https:\/\/cpmimagazin.com\/wp-content\/uploads\/2025\/05\/b1.png\",\"width\":831,\"height\":530},{\"@type\":\"BreadcrumbList\",\"@id\":\"https:\/\/cpmimagazin.com\/?p=963#breadcrumb\",\"itemListElement\":[{\"@type\":\"ListItem\",\"position\":1,\"name\":\"Inicio\",\"item\":\"https:\/\/cpmimagazin.com\/\"},{\"@type\":\"ListItem\",\"position\":2,\"name\":\"Team Boyac\u00e1 es Para Vivirla acarici\u00f3 el triunfo en la Vuelta de la Juventud con Sebasti\u00e1n Albarrac\u00edn\"}]},{\"@type\":\"WebSite\",\"@id\":\"https:\/\/cpmimagazin.com\/#website\",\"url\":\"https:\/\/cpmimagazin.com\/\",\"name\":\"Buenas noticias de Colombia\",\"description\":\"Impulsamos historias que unen: juventud que inspira, adultos mayores que dejan huella. Descubre noticias, aprendizajes y el orgullo de nuestra gente, todo en \u201cMi Magazin\u201d. \u00a1S\u00e9 parte de una comunidad intergeneracional!\",\"potentialAction\":[{\"@type\":\"SearchAction\",\"target\":{\"@type\":\"EntryPoint\",\"urlTemplate\":\"https:\/\/cpmimagazin.com\/?s={search_term_string}\"},\"query-input\":{\"@type\":\"PropertyValueSpecification\",\"valueRequired\":true,\"valueName\":\"search_term_string\"}}],\"inLanguage\":\"es-CO\"},{\"@type\":\"Person\",\"@id\":\"https:\/\/cpmimagazin.com\/#\/schema\/person\/8b73e956994dc3114b861ce2e9ea62c8\",\"name\":\"Ines\",\"image\":{\"@type\":\"ImageObject\",\"inLanguage\":\"es-CO\",\"@id\":\"https:\/\/cpmimagazin.com\/#\/schema\/person\/image\/\",\"url\":\"https:\/\/secure.gravatar.com\/avatar\/d503d379e79ddcf53d45e12b964a724224aad794352599f500541027801754fc?s=96&d=mm&r=g\",\"contentUrl\":\"https:\/\/secure.gravatar.com\/avatar\/d503d379e79ddcf53d45e12b964a724224aad794352599f500541027801754fc?s=96&d=mm&r=g\",\"caption\":\"Ines\"},\"sameAs\":[\"https:\/\/cpmimagazin.com\"],\"url\":\"https:\/\/cpmimagazin.com\/?author=1\"}]}<\/script>\n<!-- \/ Yoast SEO plugin. -->","yoast_head_json":{"title":"Team Boyac\u00e1 es Para Vivirla acarici\u00f3 el triunfo en la Vuelta de la Juventud con Sebasti\u00e1n Albarrac\u00edn - Buenas noticias de Colombia","robots":{"index":"index","follow":"follow","max-snippet":"max-snippet:-1","max-image-preview":"max-image-preview:large","max-video-preview":"max-video-preview:-1"},"canonical":"https:\/\/cpmimagazin.com\/?p=963","og_locale":"es_ES","og_type":"article","og_title":"Team Boyac\u00e1 es Para Vivirla acarici\u00f3 el triunfo en la Vuelta de la Juventud con Sebasti\u00e1n Albarrac\u00edn - Buenas noticias de Colombia","og_description":"El conjunto boyacense fue protagonista en la llegada al municipio de Tibasosa. Tunja, 6 de mayo de 2025. (UACP).&nbsp;Con pie derecho iniciaron este martes los corredores del Team Boyac\u00e1 es &hellip;","og_url":"https:\/\/cpmimagazin.com\/?p=963","og_site_name":"Buenas noticias de Colombia","article_published_time":"2025-05-07T18:59:11+00:00","article_modified_time":"2025-05-07T18:59:12+00:00","og_image":[{"width":831,"height":530,"url":"https:\/\/cpmimagazin.com\/wp-content\/uploads\/2025\/05\/b1.png","type":"image\/png"}],"author":"Ines","twitter_card":"summary_large_image","twitter_misc":{"Escrito por":"Ines","Tiempo de lectura":"2 minutos"},"schema":{"@context":"https:\/\/schema.org","@graph":[{"@type":"WebPage","@id":"https:\/\/cpmimagazin.com\/?p=963","url":"https:\/\/cpmimagazin.com\/?p=963","name":"Team Boyac\u00e1 es Para Vivirla acarici\u00f3 el triunfo en la Vuelta de la Juventud con Sebasti\u00e1n Albarrac\u00edn - Buenas noticias de Colombia","isPartOf":{"@id":"https:\/\/cpmimagazin.com\/#website"},"primaryImageOfPage":{"@id":"https:\/\/cpmimagazin.com\/?p=963#primaryimage"},"image":{"@id":"https:\/\/cpmimagazin.com\/?p=963#primaryimage"},"thumbnailUrl":"https:\/\/cpmimagazin.com\/wp-content\/uploads\/2025\/05\/b1.png","datePublished":"2025-05-07T18:59:11+00:00","dateModified":"2025-05-07T18:59:12+00:00","author":{"@id":"https:\/\/cpmimagazin.com\/#\/schema\/person\/8b73e956994dc3114b861ce2e9ea62c8"},"breadcrumb":{"@id":"https:\/\/cpmimagazin.com\/?p=963#breadcrumb"},"inLanguage":"es-CO","potentialAction":[{"@type":"ReadAction","target":["https:\/\/cpmimagazin.com\/?p=963"]}]},{"@type":"ImageObject","inLanguage":"es-CO","@id":"https:\/\/cpmimagazin.com\/?p=963#primaryimage","url":"https:\/\/cpmimagazin.com\/wp-content\/uploads\/2025\/05\/b1.png","contentUrl":"https:\/\/cpmimagazin.com\/wp-content\/uploads\/2025\/05\/b1.png","width":831,"height":530},{"@type":"BreadcrumbList","@id":"https:\/\/cpmimagazin.com\/?p=963#breadcrumb","itemListElement":[{"@type":"ListItem","position":1,"name":"Inicio","item":"https:\/\/cpmimagazin.com\/"},{"@type":"ListItem","position":2,"name":"Team Boyac\u00e1 es Para Vivirla acarici\u00f3 el triunfo en la Vuelta de la Juventud con Sebasti\u00e1n Albarrac\u00edn"}]},{"@type":"WebSite","@id":"https:\/\/cpmimagazin.com\/#website","url":"https:\/\/cpmimagazin.com\/","name":"Buenas noticias de Colombia","description":"Impulsamos historias que unen: juventud que inspira, adultos mayores que dejan huella. Descubre noticias, aprendizajes y el orgullo de nuestra gente, todo en \u201cMi Magazin\u201d. \u00a1S\u00e9 parte de una comunidad intergeneracional!","potentialAction":[{"@type":"SearchAction","target":{"@type":"EntryPoint","urlTemplate":"https:\/\/cpmimagazin.com\/?s={search_term_string}"},"query-input":{"@type":"PropertyValueSpecification","valueRequired":true,"valueName":"search_term_string"}}],"inLanguage":"es-CO"},{"@type":"Person","@id":"https:\/\/cpmimagazin.com\/#\/schema\/person\/8b73e956994dc3114b861ce2e9ea62c8","name":"Ines","image":{"@type":"ImageObject","inLanguage":"es-CO","@id":"https:\/\/cpmimagazin.com\/#\/schema\/person\/image\/","url":"https:\/\/secure.gravatar.com\/avatar\/d503d379e79ddcf53d45e12b964a724224aad794352599f500541027801754fc?s=96&d=mm&r=g","contentUrl":"https:\/\/secure.gravatar.com\/avatar\/d503d379e79ddcf53d45e12b964a724224aad794352599f500541027801754fc?s=96&d=mm&r=g","caption":"Ines"},"sameAs":["https:\/\/cpmimagazin.com"],"url":"https:\/\/cpmimagazin.com\/?author=1"}]}},"featured_image_urls":{"full":["https:\/\/cpmimagazin.com\/wp-content\/uploads\/2025\/05\/b1.png",831,530,false],"thumbnail":["https:\/\/cpmimagazin.com\/wp-content\/uploads\/2025\/05\/b1-150x150.png",150,150,true],"medium":["https:\/\/cpmimagazin.com\/wp-content\/uploads\/2025\/05\/b1-300x191.png",300,191,true],"medium_large":["https:\/\/cpmimagazin.com\/wp-content\/uploads\/2025\/05\/b1-768x490.png",735,469,true],"large":["https:\/\/cpmimagazin.com\/wp-content\/uploads\/2025\/05\/b1.png",735,469,false],"1536x1536":["https:\/\/cpmimagazin.com\/wp-content\/uploads\/2025\/05\/b1.png",831,530,false],"2048x2048":["https:\/\/cpmimagazin.com\/wp-content\/uploads\/2025\/05\/b1.png",831,530,false],"hitmag-landscape":["https:\/\/cpmimagazin.com\/wp-content\/uploads\/2025\/05\/b1-831x450.png",831,450,true],"hitmag-featured":["https:\/\/cpmimagazin.com\/wp-content\/uploads\/2025\/05\/b1-735x400.png",735,400,true],"hitmag-grid":["https:\/\/cpmimagazin.com\/wp-content\/uploads\/2025\/05\/b1-348x215.png",348,215,true],"hitmag-list":["https:\/\/cpmimagazin.com\/wp-content\/uploads\/2025\/05\/b1-290x220.png",290,220,true],"hitmag-thumbnail":["https:\/\/cpmimagazin.com\/wp-content\/uploads\/2025\/05\/b1-135x93.png",135,93,true]},"author_info":{"display_name":"Ines","author_link":"https:\/\/cpmimagazin.com\/?author=1"},"category_info":"<a href=\"https:\/\/cpmimagazin.com\/?cat=1\" rel=\"category\">NOTICIAS<\/a> <a href=\"https:\/\/cpmimagazin.com\/?cat=30\" rel=\"category\">REGI\u00d3N<\/a> <a href=\"https:\/\/cpmimagazin.com\/?cat=25\" rel=\"category\">TURISMO<\/a>","tag_info":"TURISMO","comment_count":"0","_links":{"self":[{"href":"https:\/\/cpmimagazin.com\/index.php?rest_route=\/wp\/v2\/posts\/963","targetHints":{"allow":["GET"]}}],"collection":[{"href":"https:\/\/cpmimagazin.com\/index.php?rest_route=\/wp\/v2\/posts"}],"about":[{"href":"https:\/\/cpmimagazin.com\/index.php?rest_route=\/wp\/v2\/types\/post"}],"author":[{"embeddable":true,"href":"https:\/\/cpmimagazin.com\/index.php?rest_route=\/wp\/v2\/users\/1"}],"replies":[{"embeddable":true,"href":"https:\/\/cpmimagazin.com\/index.php?rest_route=%2Fwp%2Fv2%2Fcomments&post=963"}],"version-history":[{"count":1,"href":"https:\/\/cpmimagazin.com\/index.php?rest_route=\/wp\/v2\/posts\/963\/revisions"}],"predecessor-version":[{"id":965,"href":"https:\/\/cpmimagazin.com\/index.php?rest_route=\/wp\/v2\/posts\/963\/revisions\/965"}],"wp:featuredmedia":[{"embeddable":true,"href":"https:\/\/cpmimagazin.com\/index.php?rest_route=\/wp\/v2\/media\/964"}],"wp:attachment":[{"href":"https:\/\/cpmimagazin.com\/index.php?rest_route=%2Fwp%2Fv2%2Fmedia&parent=963"}],"wp:term":[{"taxonomy":"category","embeddable":true,"href":"https:\/\/cpmimagazin.com\/index.php?rest_route=%2Fwp%2Fv2%2Fcategories&post=963"},{"taxonomy":"post_tag","embeddable":true,"href":"https:\/\/cpmimagazin.com\/index.php?rest_route=%2Fwp%2Fv2%2Ftags&post=963"}],"curies":[{"name":"wp","href":"https:\/\/api.w.org\/{rel}","templated":true}]}}